{"id":11378,"date":"2017-10-18T14:16:33","date_gmt":"2017-10-18T12:16:33","guid":{"rendered":"https:\/\/theworldwidejournal.com\/2017\/10\/18\/qui-est-logan-alexandre-nisin-lex-militant-de-lultra-droite-qui-projetait-des-attentats\/"},"modified":"2017-10-18T14:16:33","modified_gmt":"2017-10-18T12:16:33","slug":"qui-est-logan-alexandre-nisin-lex-militant-de-lultra-droite-qui-projetait-des-attentats","status":"publish","type":"post","link":"https:\/\/theworldwidejournal.com\/?p=11378","title":{"rendered":"Qui est Logan Alexandre Nisin, l&#039;ex-militant de l&#039;ultra-droite qui projetait des attentats ?"},"content":{"rendered":"<p>Arr\u00eat\u00e9 en juin , cet homme de 21 ans a \u00e9t\u00e9 mis en examen d\u00e9but juillet et plac\u00e9 en d\u00e9tention provisoire dans le cadre d&#8217;une enqu\u00eate ouverte pour \u00abassociation de malfaiteurs terroriste criminelle\u00bb. Il a gravit\u00e9 pendant plusieurs ann\u00e9es dans les milieux d&#8217;extr\u00eame droite nationalistes.<br \/>\nVia: <a href=\"http:\/\/www.lefigaro.fr\/actualite-france\/2017\/10\/18\/01016-20171018ARTFIG00175-qui-est-logan-alexandre-nisin-l-ex-militant-de-l-ultra-droite-qui-projetait-des-attentats.php\" target=\"_blank\">Qui est Logan Alexandre Nisin, l&#039;ex-militant de l&#039;ultra-droite qui projetait des attentats ?<\/a><\/p>\n","protected":false},"excerpt":{"rendered":"<p>Arr\u00eat\u00e9 en juin , cet homme de 21 ans a \u00e9t\u00e9 mis en examen d\u00e9but juillet et plac\u00e9 en d\u00e9tention provisoire dans le cadre d&#8217;une enqu\u00eate ouverte pour \u00abassociation de malfaiteurs terroriste criminelle\u00bb. Il a gravit\u00e9 pendant plusieurs ann\u00e9es dans les milieux d&#8217;extr\u00eame droite nationalistes. Via: Qui est Logan Alexandre [&hellip;]<\/p>\n","protected":false},"author":2,"featured_media":0,"comment_status":"open","ping_status":"closed","sticky":false,"template":"","format":"standard","meta":{"footnotes":""},"categories":[4],"tags":[],"class_list":["post-11378","post","type-post","status-publish","format-standard","hentry","category-french"],"_links":{"self":[{"href":"https:\/\/theworldwidejournal.com\/index.php?rest_route=\/wp\/v2\/posts\/11378","targetHints":{"allow":["GET"]}}],"collection":[{"href":"https:\/\/theworldwidejournal.com\/index.php?rest_route=\/wp\/v2\/posts"}],"about":[{"href":"https:\/\/theworldwidejournal.com\/index.php?rest_route=\/wp\/v2\/types\/post"}],"author":[{"embeddable":true,"href":"https:\/\/theworldwidejournal.com\/index.php?rest_route=\/wp\/v2\/users\/2"}],"replies":[{"embeddable":true,"href":"https:\/\/theworldwidejournal.com\/index.php?rest_route=%2Fwp%2Fv2%2Fcomments&post=11378"}],"version-history":[{"count":0,"href":"https:\/\/theworldwidejournal.com\/index.php?rest_route=\/wp\/v2\/posts\/11378\/revisions"}],"wp:attachment":[{"href":"https:\/\/theworldwidejournal.com\/index.php?rest_route=%2Fwp%2Fv2%2Fmedia&parent=11378"}],"wp:term":[{"taxonomy":"category","embeddable":true,"href":"https:\/\/theworldwidejournal.com\/index.php?rest_route=%2Fwp%2Fv2%2Fcategories&post=11378"},{"taxonomy":"post_tag","embeddable":true,"href":"https:\/\/theworldwidejournal.com\/index.php?rest_route=%2Fwp%2Fv2%2Ftags&post=11378"}],"curies":[{"name":"wp","href":"https:\/\/api.w.org\/{rel}","templated":true}]}}