{"id":11379,"date":"2017-10-18T13:33:00","date_gmt":"2017-10-18T11:33:00","guid":{"rendered":"https:\/\/theworldwidejournal.com\/2017\/10\/18\/portelli-je-veux-reformer-le-parti-autonomiser-les-federations-creer-plus-de-democratie-interne\/"},"modified":"2017-10-18T13:33:00","modified_gmt":"2017-10-18T11:33:00","slug":"portelli-je-veux-reformer-le-parti-autonomiser-les-federations-creer-plus-de-democratie-interne","status":"publish","type":"post","link":"https:\/\/theworldwidejournal.com\/?p=11379","title":{"rendered":"Portelli: \u00abJe veux r\u00e9former le parti, autonomiser les f\u00e9d\u00e9rations, cr\u00e9er plus de democratie interne\u00bb"},"content":{"rendered":"<p>La conseill\u00e8re r\u00e9gionale d\u2019\u00cele-de-France, maire de Taverny (Val d\u2019Oise) et candidate \u00e0 la pr\u00e9sidence des R\u00e9publicains \u00e9tait ce mercredi l&#8217;invit\u00e9e du Talk. Demain, nous recevrons Franck Riester, d\u00e9put\u00e9 de Seine-et-Marne.<br \/>\nVia: <a href=\"http:\/\/video.lefigaro.fr\/figaro\/video\/portelli-je-veux-reformer-le-parti-autonomiser-les-federations-creer-plus-de-democratie-interne\/5615904329001\/\" target=\"_blank\">Portelli: \u00abJe veux r\u00e9former le parti, autonomiser les f\u00e9d\u00e9rations, cr\u00e9er plus de democratie interne\u00bb<\/a><\/p>\n","protected":false},"excerpt":{"rendered":"<p>La conseill\u00e8re r\u00e9gionale d\u2019\u00cele-de-France, maire de Taverny (Val d\u2019Oise) et candidate \u00e0 la pr\u00e9sidence des R\u00e9publicains \u00e9tait ce mercredi l&#8217;invit\u00e9e du Talk. Demain, nous recevrons Franck Riester, d\u00e9put\u00e9 de Seine-et-Marne. Via: Portelli: \u00abJe veux r\u00e9former le parti, autonomiser les f\u00e9d\u00e9rations, cr\u00e9er plus de democratie interne\u00bb<\/p>\n","protected":false},"author":2,"featured_media":0,"comment_status":"open","ping_status":"closed","sticky":false,"template":"","format":"standard","meta":{"footnotes":""},"categories":[4],"tags":[],"class_list":["post-11379","post","type-post","status-publish","format-standard","hentry","category-french"],"_links":{"self":[{"href":"https:\/\/theworldwidejournal.com\/index.php?rest_route=\/wp\/v2\/posts\/11379","targetHints":{"allow":["GET"]}}],"collection":[{"href":"https:\/\/theworldwidejournal.com\/index.php?rest_route=\/wp\/v2\/posts"}],"about":[{"href":"https:\/\/theworldwidejournal.com\/index.php?rest_route=\/wp\/v2\/types\/post"}],"author":[{"embeddable":true,"href":"https:\/\/theworldwidejournal.com\/index.php?rest_route=\/wp\/v2\/users\/2"}],"replies":[{"embeddable":true,"href":"https:\/\/theworldwidejournal.com\/index.php?rest_route=%2Fwp%2Fv2%2Fcomments&post=11379"}],"version-history":[{"count":0,"href":"https:\/\/theworldwidejournal.com\/index.php?rest_route=\/wp\/v2\/posts\/11379\/revisions"}],"wp:attachment":[{"href":"https:\/\/theworldwidejournal.com\/index.php?rest_route=%2Fwp%2Fv2%2Fmedia&parent=11379"}],"wp:term":[{"taxonomy":"category","embeddable":true,"href":"https:\/\/theworldwidejournal.com\/index.php?rest_route=%2Fwp%2Fv2%2Fcategories&post=11379"},{"taxonomy":"post_tag","embeddable":true,"href":"https:\/\/theworldwidejournal.com\/index.php?rest_route=%2Fwp%2Fv2%2Ftags&post=11379"}],"curies":[{"name":"wp","href":"https:\/\/api.w.org\/{rel}","templated":true}]}}