{"id":11417,"date":"2017-10-18T15:56:56","date_gmt":"2017-10-18T13:56:56","guid":{"rendered":"https:\/\/theworldwidejournal.com\/2017\/10\/18\/las-emociones-que-mueven-la-historia\/"},"modified":"2017-10-18T15:56:56","modified_gmt":"2017-10-18T13:56:56","slug":"las-emociones-que-mueven-la-historia","status":"publish","type":"post","link":"https:\/\/theworldwidejournal.com\/?p=11417","title":{"rendered":"Las emociones que mueven la historia"},"content":{"rendered":"<p>Es posible que la influencia que ha tenido la econom\u00eda sobre la historia, como sobre las dem\u00e1s ciencias sociales y las humanidades, sea la causa de que en ocasiones a los historiadores les incomode el papel que desempe\u00f1an la personalidad y las emociones en los sucesos. Yo soy de la opini\u00f3n de que hay que prestar atenci\u00f3n a ambos. Si en la d\u00e9cada de 1930 hubiera estado al frente de Alemania otra persona que no fuera Hitler, \u00bflo hubiera arriesgado todo ese hombre o mujer en una guerra contra Francia y Reino Unido, y luego contra la Uni\u00f3n Sovi\u00e9tica y Estados Unidos? Si el militarismo japon\u00e9s no hubiera estado tan obsesionado con que la amenaza de que Estados Unidos se pavolviera demasiado fuerte como para que ellos pudieran derrotarlo, \u00bfhubiera ido Jap\u00f3n a la guerra en 1941, cuando a\u00fan ten\u00edan posibilidades de salir vencedores? El miedo, el orgullo o la ira son emociones que crean actitudes y decisiones, tanto o quiz\u00e1 m\u00e1s que el c\u00e1lcu\u00adlo racional.Seguir leyendo.<br \/>\nVia: <a href=\"https:\/\/elpais.com\/cultura\/2017\/10\/17\/actualidad\/1508254889_178844.html#?ref=rss&#038;format=simple&#038;link=link\" target=\"_blank\">Las emociones que mueven la historia<\/a><\/p>\n","protected":false},"excerpt":{"rendered":"<p>Es posible que la influencia que ha tenido la econom\u00eda sobre la historia, como sobre las dem\u00e1s ciencias sociales y las humanidades, sea la causa de que en ocasiones a los historiadores les incomode el papel que desempe\u00f1an la personalidad y las emociones en los sucesos. Yo soy de la [&hellip;]<\/p>\n","protected":false},"author":2,"featured_media":0,"comment_status":"open","ping_status":"closed","sticky":false,"template":"","format":"standard","meta":{"footnotes":""},"categories":[6],"tags":[],"class_list":["post-11417","post","type-post","status-publish","format-standard","hentry","category-spanish"],"_links":{"self":[{"href":"https:\/\/theworldwidejournal.com\/index.php?rest_route=\/wp\/v2\/posts\/11417","targetHints":{"allow":["GET"]}}],"collection":[{"href":"https:\/\/theworldwidejournal.com\/index.php?rest_route=\/wp\/v2\/posts"}],"about":[{"href":"https:\/\/theworldwidejournal.com\/index.php?rest_route=\/wp\/v2\/types\/post"}],"author":[{"embeddable":true,"href":"https:\/\/theworldwidejournal.com\/index.php?rest_route=\/wp\/v2\/users\/2"}],"replies":[{"embeddable":true,"href":"https:\/\/theworldwidejournal.com\/index.php?rest_route=%2Fwp%2Fv2%2Fcomments&post=11417"}],"version-history":[{"count":0,"href":"https:\/\/theworldwidejournal.com\/index.php?rest_route=\/wp\/v2\/posts\/11417\/revisions"}],"wp:attachment":[{"href":"https:\/\/theworldwidejournal.com\/index.php?rest_route=%2Fwp%2Fv2%2Fmedia&parent=11417"}],"wp:term":[{"taxonomy":"category","embeddable":true,"href":"https:\/\/theworldwidejournal.com\/index.php?rest_route=%2Fwp%2Fv2%2Fcategories&post=11417"},{"taxonomy":"post_tag","embeddable":true,"href":"https:\/\/theworldwidejournal.com\/index.php?rest_route=%2Fwp%2Fv2%2Ftags&post=11417"}],"curies":[{"name":"wp","href":"https:\/\/api.w.org\/{rel}","templated":true}]}}