{"id":11418,"date":"2017-10-18T15:55:15","date_gmt":"2017-10-18T13:55:15","guid":{"rendered":"https:\/\/theworldwidejournal.com\/2017\/10\/18\/el-gobierno-esta-dispuesto-a-frenar-el-155-si-puigdemont-convoca-elecciones-en-cataluna\/"},"modified":"2017-10-18T15:55:15","modified_gmt":"2017-10-18T13:55:15","slug":"el-gobierno-esta-dispuesto-a-frenar-el-155-si-puigdemont-convoca-elecciones-en-cataluna","status":"publish","type":"post","link":"https:\/\/theworldwidejournal.com\/?p=11418","title":{"rendered":"El Gobierno est\u00e1 dispuesto a frenar el 155 si Puigdemont convoca elecciones en Catalu\u00f1a"},"content":{"rendered":"<p>El Gobierno est\u00e1 dispuesto a frenar la puesta en marcha del art\u00edculo 155 de la Constituci\u00f3n si Carles Puigdemont, el presidente de la Generalitat, convoca elecciones auton\u00f3micas anticipadas en Catalu\u00f1a. Este jueves vence el plazo dado por el Ejecutivo de Mariano Rajoy para que el presidente catal\u00e1n aclare si proclam\u00f3 o no la independencia y vuelva a la legalidad. En caso contrario, se activar\u00e1 la previsi\u00f3n constitucional que permite la intervenci\u00f3n selectiva de las competencias de una comunidad aut\u00f3noma. Sin embargo, fuentes gubernamentales aseguran que el Ejecutivo podr\u00eda considerar como una vuelta a la legalidad que Puigdemont convoque elecciones, siempre que lo haga sin confirmar al mismo tiempo que efectivamente declar\u00f3 la independencia de Catalu\u00f1a el pasado martes. El l\u00edder del PSOE, Pedro S\u00e1nchez, desde Bruselas tambi\u00e9n ha asegurado que si Puigdemont convoca elecciones no se aplicar\u00eda el 155, aunque las llame constituyentes.Seguir leyendo.<br \/>\nVia: <a href=\"https:\/\/elpais.com\/politica\/2017\/10\/18\/actualidad\/1508320807_177857.html#?ref=rss&#038;format=simple&#038;link=link\" target=\"_blank\">El Gobierno est\u00e1 dispuesto a frenar el 155 si Puigdemont convoca elecciones en Catalu\u00f1a<\/a><\/p>\n","protected":false},"excerpt":{"rendered":"<p>El Gobierno est\u00e1 dispuesto a frenar la puesta en marcha del art\u00edculo 155 de la Constituci\u00f3n si Carles Puigdemont, el presidente de la Generalitat, convoca elecciones auton\u00f3micas anticipadas en Catalu\u00f1a. Este jueves vence el plazo dado por el Ejecutivo de Mariano Rajoy para que el presidente catal\u00e1n aclare si proclam\u00f3 [&hellip;]<\/p>\n","protected":false},"author":2,"featured_media":0,"comment_status":"open","ping_status":"closed","sticky":false,"template":"","format":"standard","meta":{"footnotes":""},"categories":[6],"tags":[],"class_list":["post-11418","post","type-post","status-publish","format-standard","hentry","category-spanish"],"_links":{"self":[{"href":"https:\/\/theworldwidejournal.com\/index.php?rest_route=\/wp\/v2\/posts\/11418","targetHints":{"allow":["GET"]}}],"collection":[{"href":"https:\/\/theworldwidejournal.com\/index.php?rest_route=\/wp\/v2\/posts"}],"about":[{"href":"https:\/\/theworldwidejournal.com\/index.php?rest_route=\/wp\/v2\/types\/post"}],"author":[{"embeddable":true,"href":"https:\/\/theworldwidejournal.com\/index.php?rest_route=\/wp\/v2\/users\/2"}],"replies":[{"embeddable":true,"href":"https:\/\/theworldwidejournal.com\/index.php?rest_route=%2Fwp%2Fv2%2Fcomments&post=11418"}],"version-history":[{"count":0,"href":"https:\/\/theworldwidejournal.com\/index.php?rest_route=\/wp\/v2\/posts\/11418\/revisions"}],"wp:attachment":[{"href":"https:\/\/theworldwidejournal.com\/index.php?rest_route=%2Fwp%2Fv2%2Fmedia&parent=11418"}],"wp:term":[{"taxonomy":"category","embeddable":true,"href":"https:\/\/theworldwidejournal.com\/index.php?rest_route=%2Fwp%2Fv2%2Fcategories&post=11418"},{"taxonomy":"post_tag","embeddable":true,"href":"https:\/\/theworldwidejournal.com\/index.php?rest_route=%2Fwp%2Fv2%2Ftags&post=11418"}],"curies":[{"name":"wp","href":"https:\/\/api.w.org\/{rel}","templated":true}]}}