{"id":11422,"date":"2017-10-18T16:16:50","date_gmt":"2017-10-18T14:16:50","guid":{"rendered":"https:\/\/theworldwidejournal.com\/?p=11422"},"modified":"2017-10-18T16:16:50","modified_gmt":"2017-10-18T14:16:50","slug":"espana-convoca-al-embajador-de-venezuela-por-las-palabras-de-maduro","status":"publish","type":"post","link":"https:\/\/theworldwidejournal.com\/?p=11422","title":{"rendered":"Espa\u00f1a convoca al embajador de Venezuela por las palabras de Maduro"},"content":{"rendered":"<p>El Ministerio de Asuntos Exteriores convoc\u00f3 este mi\u00e9rcoles al embajador de Venezuela en Madrid, Mario Isea, para expresarle su protesta por las declaraciones del presidente venezolano, Nicol\u00e1s Maduro, en las que acus\u00f3 al Gobierno de Mariano Rajoy de \u00abtener presos pol\u00edticos\u00bb, por el encarcelamiento de los la Asamblea Nacional Catalana (ANC) y de \u00d2mnium Cultural, Jordi S\u00e0nchez y Jordi Cuixart. Isea fue recibido por el director general para Iberoam\u00e9rica, Antonio P\u00e9rez-Hern\u00e1ndez, quien le transmiti\u00f3 el \u00abrechazo absoluto\u00bb por las manifestaciones de Maduro quien el martes afirm\u00f3 en una rueda de prensa con medios internacionales: \u00abNo tiene moral el Gobierno de Espa\u00f1a, que reprimi\u00f3 al pueblo de Catalu\u00f1a, apresa al presidente de la ANC, que pone preso a uno de los l\u00edderes de la sociedad civil catalana, que tiene presos pol\u00edticos, que persigue al pueblo de Catalu\u00f1a\u00bb. Seg\u00fan fuentes del Ministerio de Asuntos Exteriores, P\u00e9rez-Hern\u00e1ndez manifest\u00f3 al embajador que el Gobierno espera que este tipo de declaraciones \u00abno se vuelvan a repetir\u00bb. Las convocatorias al embajador del r\u00e9gimen bolivariano han sido frecuentes en los \u00faltimos a\u00f1os, la mayor\u00eda para protestar por los insultos que Maduro vierte contra el presidente del Gobierno o contra otros l\u00edderes pol\u00edticos espa\u00f1oles cr\u00edticos con sus actuaciones. El pasado a\u00f1o, Espa\u00f1a elev\u00f3 su nivel de protesta al llamar a consultas en el mes de noviembre a su embajador en Caracas. Ayer, Maduro respondi\u00f3 a unas declaraciones del ministro de Asuntos Exteriores, Alfonso Dastis, en las que aseguraba que la Uni\u00f3n Europea (UE) mantendr\u00e1 las sanciones previstas contra el gobierno de Maduro. \u00abNo tiene moral la oligarqu\u00eda espa\u00f1ola para referirse a nosotros, tomen las sanciones que les d\u00e9 la gana. A Venezuela no la para nadie\u00bb, afirm\u00f3. El presidente venezolano utiliz\u00f3 la situaci\u00f3n de Catalu\u00f1a para tratar de desacreditar al Gobierno de Rajoy, aunque despu\u00e9s admiti\u00f3 que es un asunto \u00abinterno\u00bb de Espa\u00f1a. \u00abNo me meto en ese tema, pero no tiene moral para referirse al pa\u00eds m\u00e1s democr\u00e1tico del continente americano, el que pari\u00f3 al libertador Sim\u00f3n Bol\u00edvar, que sac\u00f3 aqu\u00ed a los Borbones a plomo\u00bb, dijo. Adem\u00e1s, Maduro record\u00f3 a Bruselas que \u00abEspa\u00f1a no nos representa\u00bb en Europa. Y sentenci\u00f3: \u00abSe presentan como los due\u00f1os de Am\u00e9rica Latina porque son sus tierra, sus colonias\u00bb. \u00ab\u00bfC\u00f3mo va a saber Rajoy d\u00f3nde queda Venezuela si no sabe d\u00f3nde queda Catalu\u00f1a?\u00bb.<br \/>\nVia: <a href=\"http:\/\/www.abc.es\/espana\/abci-espana-convoca-embajador-venezuela-para-protestar-declaraciones-maduro-201710181416_noticia.html\" target=\"_blank\">Espa\u00f1a convoca al embajador de Venezuela por las palabras de Maduro<\/a><\/p>\n","protected":false},"excerpt":{"rendered":"<p>El Ministerio de Asuntos Exteriores convoc\u00f3 este mi\u00e9rcoles al embajador de Venezuela en Madrid, Mario Isea, para expresarle su protesta por las declaraciones del presidente venezolano, Nicol\u00e1s Maduro, en las que acus\u00f3 al Gobierno de Mariano Rajoy de \u00abtener presos pol\u00edticos\u00bb, por el encarcelamiento de los la Asamblea Nacional Catalana [&hellip;]<\/p>\n","protected":false},"author":2,"featured_media":11423,"comment_status":"open","ping_status":"closed","sticky":false,"template":"","format":"standard","meta":{"footnotes":""},"categories":[6],"tags":[],"class_list":["post-11422","post","type-post","status-publish","format-standard","has-post-thumbnail","hentry","category-spanish"],"_links":{"self":[{"href":"https:\/\/theworldwidejournal.com\/index.php?rest_route=\/wp\/v2\/posts\/11422","targetHints":{"allow":["GET"]}}],"collection":[{"href":"https:\/\/theworldwidejournal.com\/index.php?rest_route=\/wp\/v2\/posts"}],"about":[{"href":"https:\/\/theworldwidejournal.com\/index.php?rest_route=\/wp\/v2\/types\/post"}],"author":[{"embeddable":true,"href":"https:\/\/theworldwidejournal.com\/index.php?rest_route=\/wp\/v2\/users\/2"}],"replies":[{"embeddable":true,"href":"https:\/\/theworldwidejournal.com\/index.php?rest_route=%2Fwp%2Fv2%2Fcomments&post=11422"}],"version-history":[{"count":0,"href":"https:\/\/theworldwidejournal.com\/index.php?rest_route=\/wp\/v2\/posts\/11422\/revisions"}],"wp:featuredmedia":[{"embeddable":true,"href":"https:\/\/theworldwidejournal.com\/index.php?rest_route=\/wp\/v2\/media\/11423"}],"wp:attachment":[{"href":"https:\/\/theworldwidejournal.com\/index.php?rest_route=%2Fwp%2Fv2%2Fmedia&parent=11422"}],"wp:term":[{"taxonomy":"category","embeddable":true,"href":"https:\/\/theworldwidejournal.com\/index.php?rest_route=%2Fwp%2Fv2%2Fcategories&post=11422"},{"taxonomy":"post_tag","embeddable":true,"href":"https:\/\/theworldwidejournal.com\/index.php?rest_route=%2Fwp%2Fv2%2Ftags&post=11422"}],"curies":[{"name":"wp","href":"https:\/\/api.w.org\/{rel}","templated":true}]}}