{"id":11426,"date":"2017-10-18T15:17:25","date_gmt":"2017-10-18T13:17:25","guid":{"rendered":"https:\/\/theworldwidejournal.com\/2017\/10\/18\/la-airef-cree-que-cataluna-puede-recortar-12-puntos-al-pib-en-2018\/"},"modified":"2017-10-18T15:17:25","modified_gmt":"2017-10-18T13:17:25","slug":"la-airef-cree-que-cataluna-puede-recortar-12-puntos-al-pib-en-2018","status":"publish","type":"post","link":"https:\/\/theworldwidejournal.com\/?p=11426","title":{"rendered":"La Airef cree que Catalu\u00f1a puede recortar 1,2 puntos al PIB en 2018"},"content":{"rendered":"<p>La econom\u00eda espa\u00f1ola enfrenta en Catalu\u00f1a su mayor riesgo a futuro. La incertidumbre pol\u00edtica generada por el desaf\u00edo independentista aparece como el gran obst\u00e1culo que puede frustrar el crecimiento y la Autoridad Independiente de Responsabilidad Fiscal (Airef) ha contabilizado este peligro, que fluct\u00faa seg\u00fan su duraci\u00f3n y gravedad. Si la inestabilidad pol\u00edtica en la regi\u00f3n contin\u00faa en 2018 recortar\u00eda hasta 1,2 puntos al crecimiento del conjunto de Espa\u00f1a, es decir, el PIB crecer\u00eda solo un 1,5% frente al 2,3 previsto por el Gobierno, que ya contempla un impacto negativo de tres a cuatro d\u00e9cimas. El impacto sobre el PIB ascender\u00eda as\u00ed a m\u00e1s de 14.000 millones menos de producirse este escenario. De la duraci\u00f3n de la crisis catalana depender\u00e1 que la intensidad sea mayor. La Airef estima que de no haberse desencadenado el \u00f3rgano secesionista, Espa\u00f1a crecer\u00eda un 2,7% el pr\u00f3ximo a\u00f1o, una d\u00e9cima m\u00e1s de lo que preve\u00eda el Ejecutivo hasta esta semana y cuatro por encima de la estimaci\u00f3n que contempla ahora el plan presupuestario, del 2,3%. La Airef detalla en su informe sobre previsiones macroecon\u00f3micas que la crisis catalana tiene dos dimensiones. El primer shock es com\u00fan a toda la econom\u00eda espa\u00f1ola y golpea sobre el consumo, sobre todo el de bienes duraderos. Posteriormente, afecta a la inversi\u00f3n, despu\u00e9s golpea a los mercados financieros y luego al cr\u00e9dito. Tambi\u00e9n salpica a otros indicadores: por ejemplo, la deslocalizaci\u00f3n de visitas tur\u00edsticas que ir\u00edan a Catalu\u00f1a para finalmente dirigirse a otros pa\u00edses. Ello tambi\u00e9n tiene un efecto negativo sobre las finanzas p\u00fablicas: el Gobierno ha empeorado en una d\u00e9cima su pron\u00f3stico de d\u00e9ficit al 2,3% del PIB para 2018. Sin embargo, la Airef alerta de que el golpe sobre las arcas p\u00fablicas tambi\u00e9n podr\u00eda ser mayor: de entre dos d\u00e9cimas y hasta cinco d\u00e9cimas, lo que dejar\u00eda el d\u00e9ficit del a\u00f1o que viene en el 2,7% del PIB. Todo depender\u00eda del efecto sobre la actividad, que redundar\u00eda en menores ingresos y un menor denominador v\u00eda PIB. La Airef avisa de la importancia de la econom\u00eda catalana en el tejido del conjunto de Espa\u00f1a: por cada punto de menos crecimiento del PIB de la regi\u00f3n, Espa\u00f1a perder\u00eda 0,2 d\u00e9cimas. Algo parecido a lo que ocurrir\u00eda en el empleo, proporcional al peso de la econom\u00eda catalana en Espa\u00f1a, del 19%. Es en esta dimensi\u00f3n com\u00fan donde la Airef ofrece estimaciones. El otro impacto ser\u00eda solo para Catalu\u00f1a y aqu\u00ed la Airef avisa que nos encontramos en territorio in\u00e9dito: el efecto negativo ser\u00eda mucho mayor pero el organismo no cuantifica cu\u00e1nto ni se atreve a decir si la regi\u00f3n entrar\u00eda en recesi\u00f3n como s\u00ed han hecho agencias como S&amp;P. \u00abNo existen episodios comparables en la literatura econ\u00f3mica\u00bb, afirman desde la Airef. La Autoridad Fiscal publicar\u00e1 un seguimiento en tiempo real de la evoluci\u00f3n de la econom\u00eda catalana desde la semana que viene para ofrecer cifras sobre la situaci\u00f3n. \u00abTodav\u00eda no hay datos para conocer el alcance de la perturbaci\u00f3n\u00bb, apuntan fuentes de la Airef. De cara a este a\u00f1o, el organismo dirigido por Jos\u00e9 Luis Escriv\u00e1 avala las previsiones remitidas por el Gobierno a Bruselas, que incluyen un crecimiento del PIB del 3,1% este a\u00f1o. En todo caso, el impacto en 2017 de la crisis catalana ser\u00e1 \u00abpeque\u00f1o\u00bb: la Airef calcula que el PIB crecer\u00e1 un 0,8 en el tercer y en el cuarto trimestre y apunta que Espa\u00f1a tendr\u00eda que crecer menos del 0,4% en el \u00faltimo cuarto del a\u00f1o para que su crecimiento anual fuera menor al 3%. Un baj\u00f3n del avance del PIB intertrimestral del 0,8% al 0,4% que la Airef ve \u00abpoco probable\u00bb ya que se ha observado \u00aben menos del 15% de los casos desde principios de los 90\u00bb, afirman desde el organismo.<br \/>\nVia: <a href=\"http:\/\/www.abc.es\/economia\/abci-autoridad-fiscal-cree-crisis-cataluna-puede-recortar-12-puntos-crecimiento-2018-201710181317_noticia.html\" target=\"_blank\">La Airef cree que Catalu\u00f1a puede recortar 1,2 puntos al PIB en 2018<\/a><\/p>\n","protected":false},"excerpt":{"rendered":"<p>La econom\u00eda espa\u00f1ola enfrenta en Catalu\u00f1a su mayor riesgo a futuro. La incertidumbre pol\u00edtica generada por el desaf\u00edo independentista aparece como el gran obst\u00e1culo que puede frustrar el crecimiento y la Autoridad Independiente de Responsabilidad Fiscal (Airef) ha contabilizado este peligro, que fluct\u00faa seg\u00fan su duraci\u00f3n y gravedad. Si la [&hellip;]<\/p>\n","protected":false},"author":2,"featured_media":11427,"comment_status":"open","ping_status":"closed","sticky":false,"template":"","format":"standard","meta":{"footnotes":""},"categories":[6],"tags":[],"class_list":["post-11426","post","type-post","status-publish","format-standard","has-post-thumbnail","hentry","category-spanish"],"_links":{"self":[{"href":"https:\/\/theworldwidejournal.com\/index.php?rest_route=\/wp\/v2\/posts\/11426","targetHints":{"allow":["GET"]}}],"collection":[{"href":"https:\/\/theworldwidejournal.com\/index.php?rest_route=\/wp\/v2\/posts"}],"about":[{"href":"https:\/\/theworldwidejournal.com\/index.php?rest_route=\/wp\/v2\/types\/post"}],"author":[{"embeddable":true,"href":"https:\/\/theworldwidejournal.com\/index.php?rest_route=\/wp\/v2\/users\/2"}],"replies":[{"embeddable":true,"href":"https:\/\/theworldwidejournal.com\/index.php?rest_route=%2Fwp%2Fv2%2Fcomments&post=11426"}],"version-history":[{"count":0,"href":"https:\/\/theworldwidejournal.com\/index.php?rest_route=\/wp\/v2\/posts\/11426\/revisions"}],"wp:featuredmedia":[{"embeddable":true,"href":"https:\/\/theworldwidejournal.com\/index.php?rest_route=\/wp\/v2\/media\/11427"}],"wp:attachment":[{"href":"https:\/\/theworldwidejournal.com\/index.php?rest_route=%2Fwp%2Fv2%2Fmedia&parent=11426"}],"wp:term":[{"taxonomy":"category","embeddable":true,"href":"https:\/\/theworldwidejournal.com\/index.php?rest_route=%2Fwp%2Fv2%2Fcategories&post=11426"},{"taxonomy":"post_tag","embeddable":true,"href":"https:\/\/theworldwidejournal.com\/index.php?rest_route=%2Fwp%2Fv2%2Ftags&post=11426"}],"curies":[{"name":"wp","href":"https:\/\/api.w.org\/{rel}","templated":true}]}}