{"id":11428,"date":"2017-10-18T14:39:50","date_gmt":"2017-10-18T12:39:50","guid":{"rendered":"https:\/\/theworldwidejournal.com\/2017\/10\/18\/redada-en-francia-contra-ultras-que-planeaban-atacar-mezquitas\/"},"modified":"2017-10-18T14:39:50","modified_gmt":"2017-10-18T12:39:50","slug":"redada-en-francia-contra-ultras-que-planeaban-atacar-mezquitas","status":"publish","type":"post","link":"https:\/\/theworldwidejournal.com\/?p=11428","title":{"rendered":"Redada en Francia contra ultras que planeaban atacar mezquitas"},"content":{"rendered":"<p>Polic\u00edas de la Direcci\u00f3n General de la Seguridad Interior (DGSI) y su Subdirecci\u00f3n anti terrorista (SDAT) han detenido a una docena de sospechosos, militantes o simpatizantes de un grup\u00fasculo de extrema derecha, Acci\u00f3n Francesa (AF), que preparaban ataques a tiros y bombas contra inmigrantes, mezquitas y organizaciones musulmanas. Los servicios de seguridad del Estado, responsables de la lucha anti terrorista, han practicado las detenciones en la periferia norte de Par\u00eds, en Saint-Denis, y en la periferia de Marsella, cumpliendo la orden de los jueces que instruyen el caso de Logan Nisin (21 a\u00f1os), acusado de asociaci\u00f3n de malhechores relacionada con un proyecto terrorista. Detenido, inculpado y encarcelado el 1 de julio pasado, Logan Nisin es un admirador de Anders Breivik, el asesino noruego que mat\u00f3 a tiros a 77 personas en la isla de Utoya (Noruega) el 2011. Nisin y los detenidos ESTA ma\u00f1ana hab\u00edan sido reconocidos y fichados a trav\u00e9s de su activismo en internet y diversas redes sociales, donde anunciaban \u201cacciones\u201d contra negros, musulmanes, inmigrantes y \u201cese tipo de gentuza\u201d. Nisin y varios de sus amigos realizaron pr\u00e1cticas de tiro en numerosos descampados. Seg\u00fan las primeras filtraciones policiales, tras las redadas del mi\u00e9rcoles, los detenidos preparaban acciones de alcance muy diverso (bombas m\u00e1s o menos artesanales, tiroteos, \u201cejecuciones\u201d) contra mitines pol\u00edticos, asociaciones de inmigrantes, mezquitas y lugares de culto musulm\u00e1n. Hace poco m\u00e1s de un a\u00f1o, Patrick Calvar, ex director general de la DGSI, hizo una primera advertencia severa: \u201cEstoy muy inquieto por la radicalizaci\u00f3n de nuestra sociedad, que est\u00e1 atizando un movimiento de fondo, temible. Si no se pone coto a la radicalizaci\u00f3n en curso, son de temer enfrentamientos violentos entre la extrema derecha y el mundo musulm\u00e1n\u201d. Las \u00faltimas detenciones de militantes de extrema derecha, relacionados con acciones violentas, dataN del 14 de julio de 2002, cuando un ultra derechista, Maxime Brunerie (27 a\u00f1os), intent\u00f3 asesinar a tiros al presidente Jacques Chirac, durante el desfile de la Fiesta nacional, en los Campos El\u00edseos. Fue condenado a diez a\u00f1os de c\u00e1rcel.<br \/>\nVia: <a href=\"http:\/\/www.abc.es\/internacional\/abci-redada-francia-contra-militantes-ultras-planeaban-ataques-contra-mezquitas-201710181239_noticia.html\" target=\"_blank\">Redada en Francia contra ultras que planeaban atacar mezquitas<\/a><\/p>\n","protected":false},"excerpt":{"rendered":"<p>Polic\u00edas de la Direcci\u00f3n General de la Seguridad Interior (DGSI) y su Subdirecci\u00f3n anti terrorista (SDAT) han detenido a una docena de sospechosos, militantes o simpatizantes de un grup\u00fasculo de extrema derecha, Acci\u00f3n Francesa (AF), que preparaban ataques a tiros y bombas contra inmigrantes, mezquitas y organizaciones musulmanas. Los servicios [&hellip;]<\/p>\n","protected":false},"author":2,"featured_media":11429,"comment_status":"open","ping_status":"closed","sticky":false,"template":"","format":"standard","meta":{"footnotes":""},"categories":[6],"tags":[],"class_list":["post-11428","post","type-post","status-publish","format-standard","has-post-thumbnail","hentry","category-spanish"],"_links":{"self":[{"href":"https:\/\/theworldwidejournal.com\/index.php?rest_route=\/wp\/v2\/posts\/11428","targetHints":{"allow":["GET"]}}],"collection":[{"href":"https:\/\/theworldwidejournal.com\/index.php?rest_route=\/wp\/v2\/posts"}],"about":[{"href":"https:\/\/theworldwidejournal.com\/index.php?rest_route=\/wp\/v2\/types\/post"}],"author":[{"embeddable":true,"href":"https:\/\/theworldwidejournal.com\/index.php?rest_route=\/wp\/v2\/users\/2"}],"replies":[{"embeddable":true,"href":"https:\/\/theworldwidejournal.com\/index.php?rest_route=%2Fwp%2Fv2%2Fcomments&post=11428"}],"version-history":[{"count":0,"href":"https:\/\/theworldwidejournal.com\/index.php?rest_route=\/wp\/v2\/posts\/11428\/revisions"}],"wp:featuredmedia":[{"embeddable":true,"href":"https:\/\/theworldwidejournal.com\/index.php?rest_route=\/wp\/v2\/media\/11429"}],"wp:attachment":[{"href":"https:\/\/theworldwidejournal.com\/index.php?rest_route=%2Fwp%2Fv2%2Fmedia&parent=11428"}],"wp:term":[{"taxonomy":"category","embeddable":true,"href":"https:\/\/theworldwidejournal.com\/index.php?rest_route=%2Fwp%2Fv2%2Fcategories&post=11428"},{"taxonomy":"post_tag","embeddable":true,"href":"https:\/\/theworldwidejournal.com\/index.php?rest_route=%2Fwp%2Fv2%2Ftags&post=11428"}],"curies":[{"name":"wp","href":"https:\/\/api.w.org\/{rel}","templated":true}]}}