{"id":11487,"date":"2017-10-19T03:04:37","date_gmt":"2017-10-19T01:04:37","guid":{"rendered":"https:\/\/theworldwidejournal.com\/2017\/10\/19\/investigan-un-brote-de-legionela-en-calvia-con-18-afectados-y-un-fallecido\/"},"modified":"2017-10-19T03:04:37","modified_gmt":"2017-10-19T01:04:37","slug":"investigan-un-brote-de-legionela-en-calvia-con-18-afectados-y-un-fallecido","status":"publish","type":"post","link":"https:\/\/theworldwidejournal.com\/?p=11487","title":{"rendered":"Investigan un brote de legionela en Calvi\u00e1 con 18 afectados y un fallecido"},"content":{"rendered":"<p>La Direcci\u00f3n General de Salud P\u00fablica del Gobierno balear ha informado este mi\u00e9rcoles de que est\u00e1 investigando el origen de diversos casos de legionela que se han detectado este mes de octubre en la zona de Palmanova, en el municipio mallorqu\u00edn de Calvi\u00e1. Seg\u00fan ha informado la Consejer\u00eda de Salud a trav\u00e9s de un comunicado, desde el pasado 5 de octubre hasta hoy se han detectado un total de 18 casos, la pr\u00e1ctica totalidad de ellos de turistas. Todos los casos, excepto tres, se han notificado desde los pa\u00edses de origen de dichos turistas, ya que los afectados han desarrollado la enfermedad cuando hab\u00edan abandonado ya su estancia en la isla. Seg\u00fan el Govern, la mayor\u00eda de enfermos ya se han recuperado o evolucionan favorablemente, si bien hay que lamentar el fallecimiento de un hombre de 70 a\u00f1os, que sufr\u00eda diversas patolog\u00edas previas y que muri\u00f3 el pasado 11 de octubre en el hospital. Dichas patolog\u00edas eran diabetes, leucemia cr\u00f3nica y cardiopat\u00eda isqu\u00e9mica. El citado comunicado se\u00f1ala que los t\u00e9cnicos de Salud P\u00fablica \u00abhan seguido todos los protocolos establecidos y han tomado muestras en la red sanitaria de diversos hoteles de la zona, as\u00ed como en fuentes ornamentales, duchas de playa, restaurantes con nebulizadores exteriores, aspersores de riego, el surtidor de una piscina y un parque acu\u00e1tico\u00bb. En estos momentos se han confirmado ya muestras positivas de la bacteria en un establecimiento hotelero de Palmanova, en donde se alojaban 8 de las 18 personas afectadas, mientras se esperan los resultados de los cultivos de las muestras tomadas en el resto de puntos de la localidad investigados. Como medidas preventivas, la Direcci\u00f3n General de Salud P\u00fablica y el Ayuntamiento de Calvi\u00e1 han cerrado el suministro de agua del citado hotel, as\u00ed como tambi\u00e9n del agua de las duchas de la playa de la zona, de las fuentes ornamentales y de los riegos por aspersi\u00f3n, \u00abelementos sobre los que se llevan a cabo revisiones y controles de forma peri\u00f3dica\u00bb. Asimismo, la Polic\u00eda Local de Calvi\u00e1 ha colaborado con la autoridad sanitaria en el control de locales de la zona, por si ten\u00edan en marcha nebulizadores exteriores. Por su parte, los establecimientos hoteleros han adoptado medidas preventivas y han procedido a desinfectar las redes sanitarias. Todas las actuaciones se han realizado de manera coordinada con el Ayuntamiento de Calvi\u00e1, la Direcci\u00f3n General de Turismo y la Federaci\u00f3n Empresarial Hotelera de Mallorca. Cabe recordar que la legionela es una enfermedad bacteriana de origen ambiental, asociada a instalaciones, equipamientos y edificios. La transmisi\u00f3n de la infecci\u00f3n se realiza por v\u00eda a\u00e9rea, mediante la inhalaci\u00f3n de aerosoles o peque\u00f1as gotas respirables que contienen legionela, o tambi\u00e9n por microaspiraci\u00f3n de agua contaminada. No se transmite de persona a persona. El cuadro cl\u00ednico es muy variable, desde formas asintom\u00e1ticas hasta neumon\u00eda grave. El periodo de incubaci\u00f3n puede prolongarse por espacio de 14 d\u00edas.<br \/>\nVia: <a href=\"http:\/\/www.abc.es\/espana\/baleares\/abci-investigan-brote-legionela-calvia-18-afectados-y-fallecido-201710190104_noticia.html\" target=\"_blank\">Investigan un brote de legionela en Calvi\u00e1 con 18 afectados y un fallecido<\/a><\/p>\n","protected":false},"excerpt":{"rendered":"<p>La Direcci\u00f3n General de Salud P\u00fablica del Gobierno balear ha informado este mi\u00e9rcoles de que est\u00e1 investigando el origen de diversos casos de legionela que se han detectado este mes de octubre en la zona de Palmanova, en el municipio mallorqu\u00edn de Calvi\u00e1. Seg\u00fan ha informado la Consejer\u00eda de Salud [&hellip;]<\/p>\n","protected":false},"author":2,"featured_media":11488,"comment_status":"open","ping_status":"closed","sticky":false,"template":"","format":"standard","meta":{"footnotes":""},"categories":[6],"tags":[],"class_list":["post-11487","post","type-post","status-publish","format-standard","has-post-thumbnail","hentry","category-spanish"],"_links":{"self":[{"href":"https:\/\/theworldwidejournal.com\/index.php?rest_route=\/wp\/v2\/posts\/11487","targetHints":{"allow":["GET"]}}],"collection":[{"href":"https:\/\/theworldwidejournal.com\/index.php?rest_route=\/wp\/v2\/posts"}],"about":[{"href":"https:\/\/theworldwidejournal.com\/index.php?rest_route=\/wp\/v2\/types\/post"}],"author":[{"embeddable":true,"href":"https:\/\/theworldwidejournal.com\/index.php?rest_route=\/wp\/v2\/users\/2"}],"replies":[{"embeddable":true,"href":"https:\/\/theworldwidejournal.com\/index.php?rest_route=%2Fwp%2Fv2%2Fcomments&post=11487"}],"version-history":[{"count":0,"href":"https:\/\/theworldwidejournal.com\/index.php?rest_route=\/wp\/v2\/posts\/11487\/revisions"}],"wp:featuredmedia":[{"embeddable":true,"href":"https:\/\/theworldwidejournal.com\/index.php?rest_route=\/wp\/v2\/media\/11488"}],"wp:attachment":[{"href":"https:\/\/theworldwidejournal.com\/index.php?rest_route=%2Fwp%2Fv2%2Fmedia&parent=11487"}],"wp:term":[{"taxonomy":"category","embeddable":true,"href":"https:\/\/theworldwidejournal.com\/index.php?rest_route=%2Fwp%2Fv2%2Fcategories&post=11487"},{"taxonomy":"post_tag","embeddable":true,"href":"https:\/\/theworldwidejournal.com\/index.php?rest_route=%2Fwp%2Fv2%2Ftags&post=11487"}],"curies":[{"name":"wp","href":"https:\/\/api.w.org\/{rel}","templated":true}]}}