{"id":11491,"date":"2017-10-18T23:38:44","date_gmt":"2017-10-18T21:38:44","guid":{"rendered":"https:\/\/theworldwidejournal.com\/2017\/10\/18\/costa-elige-sustituto-para-la-ministra-lusa-que-dimitio-tras-los-incendios\/"},"modified":"2017-10-18T23:38:44","modified_gmt":"2017-10-18T21:38:44","slug":"costa-elige-sustituto-para-la-ministra-lusa-que-dimitio-tras-los-incendios","status":"publish","type":"post","link":"https:\/\/theworldwidejournal.com\/?p=11491","title":{"rendered":"Costa elige sustituto para la ministra lusa que dimiti\u00f3 tras los incendios"},"content":{"rendered":"<p>Eduardo Cabrita, ministro adjunto al jefe del Gobierno portugu\u00e9s, el socialista Ant\u00f3nio Costa, sustituir\u00e1 a la titular de Administraci\u00f3n Interna, Constan\u00e7a Urbano de Sousa, quien dimiti\u00f3 hoy del cargo por su gesti\u00f3n de los incendios que han arrasado el pa\u00eds. Costa ha propuesto el nombre de su adjunto al presidente del pa\u00eds, el conservador Marcelo Rebelo de Sousa, en la reuni\u00f3n que ambos mantuvieron hoy en el Palacio de Bel\u00e9m, seg\u00fan el escueto comunicado oficial difundido por el gabinete del primer ministro. El nuevo adjunto del jefe del Gobierno ser\u00e1 Pedro Siza Vieira, un abogado, \u00abamigo\u00bb personal de Costa, avanzan los medios locales. La toma de posesi\u00f3n de ambos tendr\u00e1 lugar el s\u00e1bado a las 09.00 hora local (08.00 GMT). Esta remodelaci\u00f3n se produce el mismo d\u00eda en que se conoci\u00f3 la salida de Urbano de Sousa del Gobierno por sus gesti\u00f3n de las dos oleadas de incendios que, en tan solo cuatro meses, provocaron m\u00e1s de 100 muertos. La \u00faltima de ellas, desatada el pasado domingo, se sald\u00f3 con 42 fallecidos y decenas de heridos de diversa consideraci\u00f3n, de acuerdo con el \u00faltimo balance oficial. En los incendios de junio pasado en Pedr\u00f3g\u00e3o Grande, en el centro del pa\u00eds, se registraron 64 muertos y m\u00e1s de 250 heridos. En ambos casos, las llamas dejaron casas destruidas, empresas reducidas a cenizas y miles de hect\u00e1reas arrasadas, que tardar\u00e1n a\u00f1os en recuperarse.<br \/>\nVia: <a href=\"http:\/\/www.abc.es\/internacional\/abci-costa-designa-ministro-adjunto-para-sustituir-dimitida-titular-administracion-interna-201710182138_noticia.html\" target=\"_blank\">Costa elige sustituto para la ministra lusa que dimiti\u00f3 tras los incendios<\/a><\/p>\n","protected":false},"excerpt":{"rendered":"<p>Eduardo Cabrita, ministro adjunto al jefe del Gobierno portugu\u00e9s, el socialista Ant\u00f3nio Costa, sustituir\u00e1 a la titular de Administraci\u00f3n Interna, Constan\u00e7a Urbano de Sousa, quien dimiti\u00f3 hoy del cargo por su gesti\u00f3n de los incendios que han arrasado el pa\u00eds. Costa ha propuesto el nombre de su adjunto al presidente [&hellip;]<\/p>\n","protected":false},"author":2,"featured_media":11492,"comment_status":"open","ping_status":"closed","sticky":false,"template":"","format":"standard","meta":{"footnotes":""},"categories":[6],"tags":[],"class_list":["post-11491","post","type-post","status-publish","format-standard","has-post-thumbnail","hentry","category-spanish"],"_links":{"self":[{"href":"https:\/\/theworldwidejournal.com\/index.php?rest_route=\/wp\/v2\/posts\/11491","targetHints":{"allow":["GET"]}}],"collection":[{"href":"https:\/\/theworldwidejournal.com\/index.php?rest_route=\/wp\/v2\/posts"}],"about":[{"href":"https:\/\/theworldwidejournal.com\/index.php?rest_route=\/wp\/v2\/types\/post"}],"author":[{"embeddable":true,"href":"https:\/\/theworldwidejournal.com\/index.php?rest_route=\/wp\/v2\/users\/2"}],"replies":[{"embeddable":true,"href":"https:\/\/theworldwidejournal.com\/index.php?rest_route=%2Fwp%2Fv2%2Fcomments&post=11491"}],"version-history":[{"count":0,"href":"https:\/\/theworldwidejournal.com\/index.php?rest_route=\/wp\/v2\/posts\/11491\/revisions"}],"wp:featuredmedia":[{"embeddable":true,"href":"https:\/\/theworldwidejournal.com\/index.php?rest_route=\/wp\/v2\/media\/11492"}],"wp:attachment":[{"href":"https:\/\/theworldwidejournal.com\/index.php?rest_route=%2Fwp%2Fv2%2Fmedia&parent=11491"}],"wp:term":[{"taxonomy":"category","embeddable":true,"href":"https:\/\/theworldwidejournal.com\/index.php?rest_route=%2Fwp%2Fv2%2Fcategories&post=11491"},{"taxonomy":"post_tag","embeddable":true,"href":"https:\/\/theworldwidejournal.com\/index.php?rest_route=%2Fwp%2Fv2%2Ftags&post=11491"}],"curies":[{"name":"wp","href":"https:\/\/api.w.org\/{rel}","templated":true}]}}