{"id":11493,"date":"2017-10-18T22:07:38","date_gmt":"2017-10-18T20:07:38","guid":{"rendered":"https:\/\/theworldwidejournal.com\/2017\/10\/18\/los-liberales-exigen-a-merkel-asumir-la-cartera-de-finanzas-en-el-gobierno\/"},"modified":"2017-10-18T22:07:38","modified_gmt":"2017-10-18T20:07:38","slug":"los-liberales-exigen-a-merkel-asumir-la-cartera-de-finanzas-en-el-gobierno","status":"publish","type":"post","link":"https:\/\/theworldwidejournal.com\/?p=11493","title":{"rendered":"Los liberales exigen a Merkel asumir la cartera de Finanzas en el gobierno"},"content":{"rendered":"<p>Caf\u00e9, t\u00e9 y galletas. Ese fue el escueto recibimiento que dio Merkel este mi\u00e9rcoles a la delegaci\u00f3n de Los Verdes que acud\u00eda al primer contacto formal de negociaci\u00f3n para la Coalici\u00f3n Jamaica. La canciller no se esforz\u00f3 mucho en agradar, a pesar de que el encuentro promet\u00eda ser bastante m\u00e1s complicado que el que hab\u00eda mantenido horas antes con los liberales del FDP. \u00abConstructivo\u00bb, \u00abbuenas vibraciones\u00bb y \u00absimp\u00e1tico\u00bb fueron algunos de los adjetivos que el equipo de Merkel dedic\u00f3 a los liberales, que llegaron exigiendo el Ministerio de Finanzas. Dado que el vicepresidente del partido, Wolfgang Kubicki, era designado por la tarde como vicepresidente del Bundestag, se deduce que el Ministerio ser\u00eda para el l\u00edder del partido Christian Lindner, decidido a pararle los pies a Macron en Bruselas. No quiere un presupuesto com\u00fan para la zona euro ni ning\u00fan tipo de trasferencia financiera autom\u00e1tica. Est\u00e1 completamente en contra de la mutualizaci\u00f3n de la deuda y cuenta con la CSU como aliada, el partido socialcristiano hermano de la CDU de Merkel, pero con la que guarda una relaci\u00f3n m\u00e1s que dif\u00edcil. Los Verdes tambi\u00e9n mostraron inter\u00e9s, seguramente fingido, por la cartera de Finanzas. Y en materia europea exigieron \u00abdesvinculaci\u00f3n de la pol\u00edtica unilateral de ahorro\u00bb por parte de Alemania. No fue este, ni mucho menos, el \u00fanico punto en el que se plantearon tantas propuestas como miembros tendr\u00e1 la coalici\u00f3n, por lo que la sede de la Sociedad Parlamentaria, territorio neutral elegido para los encuentros, fue escenario este mi\u00e9rcoles de un di\u00e1logo de sordos y muchas sonrisas. Todav\u00eda con las conversaciones en marcha, la CDU anunci\u00f3 a media tarde la dimisi\u00f3n del jefe de Gobierno de Sajonia, Stalisnaw Tillich, debido a los malos resultados obtenidos en esta regi\u00f3n del este de Alemania en las pasadas elecciones generales, un 26,9%, que permiti\u00f3 situarse en el lugar de partido m\u00e1s votado a la formaci\u00f3n antieuropea y antiextranjeros Alternativa para Alemania (AfD), con el 27%. Este titular suplant\u00f3 al galimat\u00edas de posiciones iniciales de la negociaci\u00f3n Jamaica. En materia de seguridad, el l\u00edder de Los Verdes, Cem \u00d6zdemir, accedi\u00f3 a asegurar las fronteras externas de la UE y a la digitalizaci\u00f3n de la huella digital, por lo que se vislumbra un acuerdo r\u00e1pido. Tampoco fij\u00f3 una l\u00ednea roja en el aumento del presupuesto de defensa hasta el 2% del PIB que pide Trump desde la OTAN. Tambi\u00e9n parece haber acuerdo en un alivio fiscal para pymes y familias, aunque la financiaci\u00f3n de este relajo queda en suspense. La CSU excluye adem\u00e1s categ\u00f3ricamente subidas de impuestos. Los liberales, por su parte, ponen como condici\u00f3n para entrar en el gobierno la supresi\u00f3n del impuesto de solidaridad, el \u00abSoli\u00bb, un a\u00f1adido que los alemanes pagan desde la reunificaci\u00f3n para trasvasar riqueza al este, y los Verdes se niegan. \u00abTope flexible\u00bb de refugiados Cap\u00edtulo principal es el de refugiados. La expresi\u00f3n \u00abtope\u00bb no aparece, pero Merkel se ha comprometido con sus socios b\u00e1varos a que la cifra no supere los 200.000 al a\u00f1o. Los liberales tambi\u00e9n quieren restricciones y admiten un \u00abtope flexible\u00bb. Los Verdes, por su parte, quieren facilitar la reagrupaci\u00f3n familiar de los refugiados ya en Alemania y sus parientes todav\u00eda en el pa\u00eds de origen, al menos para aquellos que requieren protecci\u00f3n. Este derecho de reagrupaci\u00f3n hab\u00eda sido suspendido por Merkel, dada la ingente cantidad de refugiados ingresados en el pa\u00eds, hasta marzo de 2018. Pero la CDU desea prorrogarlo. La ley de inmigraci\u00f3n que salga de estas negociaciones ser\u00e1 sin duda uno de los principales sellos de este gobierno. Adem\u00e1s est\u00e1 el motor de combusti\u00f3n y su despedida en 2030, caballo de batalla de estas negociaciones que contin\u00faan el jueves, con un encuentro de liberales y verdes, para desembocar el viernes en una ronda tripartita.<br \/>\nVia: <a href=\"http:\/\/www.abc.es\/internacional\/abci-liberales-exigen-merkel-ministerio-finanzas-para-frenar-macron-201710182007_noticia.html\" target=\"_blank\">Los liberales exigen a Merkel asumir la cartera de Finanzas en el gobierno<\/a><\/p>\n","protected":false},"excerpt":{"rendered":"<p>Caf\u00e9, t\u00e9 y galletas. Ese fue el escueto recibimiento que dio Merkel este mi\u00e9rcoles a la delegaci\u00f3n de Los Verdes que acud\u00eda al primer contacto formal de negociaci\u00f3n para la Coalici\u00f3n Jamaica. La canciller no se esforz\u00f3 mucho en agradar, a pesar de que el encuentro promet\u00eda ser bastante m\u00e1s [&hellip;]<\/p>\n","protected":false},"author":2,"featured_media":11494,"comment_status":"open","ping_status":"closed","sticky":false,"template":"","format":"standard","meta":{"footnotes":""},"categories":[6],"tags":[],"class_list":["post-11493","post","type-post","status-publish","format-standard","has-post-thumbnail","hentry","category-spanish"],"_links":{"self":[{"href":"https:\/\/theworldwidejournal.com\/index.php?rest_route=\/wp\/v2\/posts\/11493","targetHints":{"allow":["GET"]}}],"collection":[{"href":"https:\/\/theworldwidejournal.com\/index.php?rest_route=\/wp\/v2\/posts"}],"about":[{"href":"https:\/\/theworldwidejournal.com\/index.php?rest_route=\/wp\/v2\/types\/post"}],"author":[{"embeddable":true,"href":"https:\/\/theworldwidejournal.com\/index.php?rest_route=\/wp\/v2\/users\/2"}],"replies":[{"embeddable":true,"href":"https:\/\/theworldwidejournal.com\/index.php?rest_route=%2Fwp%2Fv2%2Fcomments&post=11493"}],"version-history":[{"count":0,"href":"https:\/\/theworldwidejournal.com\/index.php?rest_route=\/wp\/v2\/posts\/11493\/revisions"}],"wp:featuredmedia":[{"embeddable":true,"href":"https:\/\/theworldwidejournal.com\/index.php?rest_route=\/wp\/v2\/media\/11494"}],"wp:attachment":[{"href":"https:\/\/theworldwidejournal.com\/index.php?rest_route=%2Fwp%2Fv2%2Fmedia&parent=11493"}],"wp:term":[{"taxonomy":"category","embeddable":true,"href":"https:\/\/theworldwidejournal.com\/index.php?rest_route=%2Fwp%2Fv2%2Fcategories&post=11493"},{"taxonomy":"post_tag","embeddable":true,"href":"https:\/\/theworldwidejournal.com\/index.php?rest_route=%2Fwp%2Fv2%2Ftags&post=11493"}],"curies":[{"name":"wp","href":"https:\/\/api.w.org\/{rel}","templated":true}]}}