{"id":11557,"date":"2017-10-19T15:18:47","date_gmt":"2017-10-19T13:18:47","guid":{"rendered":"https:\/\/theworldwidejournal.com\/2017\/10\/19\/aznar-los-secesionistas-entienden-como-debilidad-los-silencios-del-gobierno\/"},"modified":"2017-10-19T15:18:47","modified_gmt":"2017-10-19T13:18:47","slug":"aznar-los-secesionistas-entienden-como-debilidad-los-silencios-del-gobierno","status":"publish","type":"post","link":"https:\/\/theworldwidejournal.com\/?p=11557","title":{"rendered":"Aznar: \u201cLos secesionistas entienden como debilidad los silencios del Gobierno\u201d"},"content":{"rendered":"<p>Para el expresidente\u202fdel\u202fGobierno,\u202fJos\u00e9\u202fMar\u00eda\u202fAznar, el secesionismo catal\u00e1n ha sobrepasado \u201ctodas la l\u00edneas rojas que exist\u00edan ante un desaf\u00edo de semejante magnitud\u201d a la democracia y al orden institucional. El presidente de la Fundaci\u00f3n para el An\u00e1lisis y los Estudios Sociales (FAES) ha manifestado que el Ejecutivo que preside Carles Puigdemont ha interpretado los silencios del Gobierno como s\u00edntoma de debilidad y no como muestra de prudencia. \u201cHemos visto c\u00f3mo se ha ido inculcando las mentiras de una independencia dorada, gratuita y saludada por el mundo, cuando la realidad es otra bien distinta\u201d, ha indicado Aznar en Valencia durante el acto de clausura del Foro Ideas FAES.Seguir leyendo.<br \/>\nVia: <a href=\"https:\/\/elpais.com\/politica\/2017\/10\/19\/actualidad\/1508397474_762242.html#?ref=rss&#038;format=simple&#038;link=link\" target=\"_blank\">Aznar: \u201cLos secesionistas entienden como debilidad los silencios del Gobierno\u201d<\/a><\/p>\n","protected":false},"excerpt":{"rendered":"<p>Para el expresidente\u202fdel\u202fGobierno,\u202fJos\u00e9\u202fMar\u00eda\u202fAznar, el secesionismo catal\u00e1n ha sobrepasado \u201ctodas la l\u00edneas rojas que exist\u00edan ante un desaf\u00edo de semejante magnitud\u201d a la democracia y al orden institucional. El presidente de la Fundaci\u00f3n para el An\u00e1lisis y los Estudios Sociales (FAES) ha manifestado que el Ejecutivo que preside Carles Puigdemont ha [&hellip;]<\/p>\n","protected":false},"author":2,"featured_media":0,"comment_status":"open","ping_status":"closed","sticky":false,"template":"","format":"standard","meta":{"footnotes":""},"categories":[6],"tags":[],"class_list":["post-11557","post","type-post","status-publish","format-standard","hentry","category-spanish"],"_links":{"self":[{"href":"https:\/\/theworldwidejournal.com\/index.php?rest_route=\/wp\/v2\/posts\/11557","targetHints":{"allow":["GET"]}}],"collection":[{"href":"https:\/\/theworldwidejournal.com\/index.php?rest_route=\/wp\/v2\/posts"}],"about":[{"href":"https:\/\/theworldwidejournal.com\/index.php?rest_route=\/wp\/v2\/types\/post"}],"author":[{"embeddable":true,"href":"https:\/\/theworldwidejournal.com\/index.php?rest_route=\/wp\/v2\/users\/2"}],"replies":[{"embeddable":true,"href":"https:\/\/theworldwidejournal.com\/index.php?rest_route=%2Fwp%2Fv2%2Fcomments&post=11557"}],"version-history":[{"count":0,"href":"https:\/\/theworldwidejournal.com\/index.php?rest_route=\/wp\/v2\/posts\/11557\/revisions"}],"wp:attachment":[{"href":"https:\/\/theworldwidejournal.com\/index.php?rest_route=%2Fwp%2Fv2%2Fmedia&parent=11557"}],"wp:term":[{"taxonomy":"category","embeddable":true,"href":"https:\/\/theworldwidejournal.com\/index.php?rest_route=%2Fwp%2Fv2%2Fcategories&post=11557"},{"taxonomy":"post_tag","embeddable":true,"href":"https:\/\/theworldwidejournal.com\/index.php?rest_route=%2Fwp%2Fv2%2Ftags&post=11557"}],"curies":[{"name":"wp","href":"https:\/\/api.w.org\/{rel}","templated":true}]}}