{"id":11562,"date":"2017-10-19T16:03:56","date_gmt":"2017-10-19T14:03:56","guid":{"rendered":"https:\/\/theworldwidejournal.com\/2017\/10\/19\/macron-crea-10-000-puestos-policiales-para-luchar-contra-la-delincuencia\/"},"modified":"2017-10-19T16:03:56","modified_gmt":"2017-10-19T14:03:56","slug":"macron-crea-10-000-puestos-policiales-para-luchar-contra-la-delincuencia","status":"publish","type":"post","link":"https:\/\/theworldwidejournal.com\/?p=11562","title":{"rendered":"Macron crea 10.000 puestos policiales para luchar contra la delincuencia"},"content":{"rendered":"<p>Emmanuel Macron ha reinstalado la seguridad nacional en el coraz\u00f3n de su pol\u00edtica de reformas, confirmando la creaci\u00f3n de 10.000 nuevos puestos de polic\u00edas y gendarmes, la definici\u00f3n de 80 zonas de seguridad prioridad en los suburbios, y formaci\u00f3n una nueva \u00abpolic\u00eda de seguridad cotidiana\u00bb, presentada como \u00abgran novedad\u00bb. Dirigi\u00e9ndose a los 500 m\u00e1s altos responsables de la seguridad interior (Gendarmer\u00eda, Polic\u00eda, prefectos), el presidente de la Rep\u00fablica ha subrayado que la seguridad nacional es la \u00abprioridad de las prioridades\u00bb de todo su proyecto pol\u00edtico personal. Macron comenz\u00f3 su discurso solemne con esta demanda: \u00abOs pido que se\u00e1is fuertes y justos. Jam\u00e1s d\u00e9biles\u00bb. Meses a atr\u00e1s, el presidente se hab\u00eda dirigido a los m\u00e1s altos cargos de todos los ej\u00e9rcitos en estos t\u00e9rminos: \u00abEl Jefe soy no. Y no necesito consejos\u00bb. Jefe supremo de los Ej\u00e9rcitos, responsable del nombramiento de todos los altos cargos de la seguridad nacional (exterior y exterior), Macron confirm\u00f3 en el El\u00edseo sus prioridades esenciales: \u00abLucha contra el terrorismo y la amenaza islamista internacional\u00bb, \u00abrestauraci\u00f3n de la seguridad cotidiana all\u00ed donde sea necesario\u00bb, \u00abdotar a las fuerzas de seguridad de nuevos recursos\u00bb, \u00abaceleraci\u00f3n y agilidad de los procedimientos penales\u00bb, \u00abreorganizaci\u00f3n y creaci\u00f3n de nuevos recursos de seguridad\u00bb. Zonas de seguridad prioritaria Lionel Jospin, ex primer ministro, en 1998, y Nicolas Sarkozy, ex presidente, el 2003, crearon una \u00abpolic\u00eda de proximidad\u00bb\u2026 unidades policiales desplegadas en los barrios \u00abconflictivos\u00bb, en toda Francia, con un af\u00e1n entre \u00abpreventivo\u00bb y \u00abdisuasivo\u00bb. Macron anuncia la creaci\u00f3n de una \u00abpolic\u00eda de seguridad cotidiana\u00bb (PSC), que, seg\u00fan \u00e9l, \u00abno tendr\u00e1 nada que ver con la difunta \u00abpolic\u00eda de proximidad\u00bb. La nueva PSC se propone ser mucho m\u00e1s \u00abactiva\u00bb y menos \u00abpasiva\u00bb, con recursos materiales y legales \u00abm\u00e1s efectivos\u00bb, para poder perseguir con m\u00e1s rapidez las nuevas formas de delincuencia urbana y suburbana. Hace a\u00f1os que los soci\u00f3logos hab\u00edan detectado unas 780 zonas de inseguridad suburbana, en toda Francia. Macron ha definido 80 \u00abzonas de seguridad prioritaria\u00bb (ZSP), en 117 ciudades de 47 departamentos. Se trata de un previsible despliegue policial de nuevo cu\u00f1o. Las nuevas ZSP pudieran estar dotadas de recursos humanos y t\u00e9cnicos especiales, para combatir la nueva criminalidad suburbana. No es un secreto que en la periferia de Par\u00eds hay fichados m\u00e1s de 4.000 sospechosos de tendencias islamistas subversivas. Diez mil nuevos empleos de gendarmes y polic\u00edas ser\u00e1n creados en los pr\u00f3ximos cuatro a\u00f1os. Dirigi\u00e9ndose a los m\u00e1s altos mandos de las fuerzas de seguridad del Estado, Macron insisti\u00f3 en \u201cla m\u00e1s urgente necesidad de ser inflexibles e intratables con todas las formas de delincuencia individual u organizada\u201d.<br \/>\nVia: <a href=\"http:\/\/www.abc.es\/internacional\/abci-macron-ofrece-mano-dura-contra-delincuencia-creacion-10000-nuevos-puestos-policiales-201710191403_noticia.html\" target=\"_blank\">Macron crea 10.000 puestos policiales para luchar contra la delincuencia<\/a><\/p>\n","protected":false},"excerpt":{"rendered":"<p>Emmanuel Macron ha reinstalado la seguridad nacional en el coraz\u00f3n de su pol\u00edtica de reformas, confirmando la creaci\u00f3n de 10.000 nuevos puestos de polic\u00edas y gendarmes, la definici\u00f3n de 80 zonas de seguridad prioridad en los suburbios, y formaci\u00f3n una nueva \u00abpolic\u00eda de seguridad cotidiana\u00bb, presentada como \u00abgran novedad\u00bb. Dirigi\u00e9ndose [&hellip;]<\/p>\n","protected":false},"author":2,"featured_media":11563,"comment_status":"open","ping_status":"closed","sticky":false,"template":"","format":"standard","meta":{"footnotes":""},"categories":[6],"tags":[],"class_list":["post-11562","post","type-post","status-publish","format-standard","has-post-thumbnail","hentry","category-spanish"],"_links":{"self":[{"href":"https:\/\/theworldwidejournal.com\/index.php?rest_route=\/wp\/v2\/posts\/11562","targetHints":{"allow":["GET"]}}],"collection":[{"href":"https:\/\/theworldwidejournal.com\/index.php?rest_route=\/wp\/v2\/posts"}],"about":[{"href":"https:\/\/theworldwidejournal.com\/index.php?rest_route=\/wp\/v2\/types\/post"}],"author":[{"embeddable":true,"href":"https:\/\/theworldwidejournal.com\/index.php?rest_route=\/wp\/v2\/users\/2"}],"replies":[{"embeddable":true,"href":"https:\/\/theworldwidejournal.com\/index.php?rest_route=%2Fwp%2Fv2%2Fcomments&post=11562"}],"version-history":[{"count":0,"href":"https:\/\/theworldwidejournal.com\/index.php?rest_route=\/wp\/v2\/posts\/11562\/revisions"}],"wp:featuredmedia":[{"embeddable":true,"href":"https:\/\/theworldwidejournal.com\/index.php?rest_route=\/wp\/v2\/media\/11563"}],"wp:attachment":[{"href":"https:\/\/theworldwidejournal.com\/index.php?rest_route=%2Fwp%2Fv2%2Fmedia&parent=11562"}],"wp:term":[{"taxonomy":"category","embeddable":true,"href":"https:\/\/theworldwidejournal.com\/index.php?rest_route=%2Fwp%2Fv2%2Fcategories&post=11562"},{"taxonomy":"post_tag","embeddable":true,"href":"https:\/\/theworldwidejournal.com\/index.php?rest_route=%2Fwp%2Fv2%2Ftags&post=11562"}],"curies":[{"name":"wp","href":"https:\/\/api.w.org\/{rel}","templated":true}]}}