{"id":11634,"date":"2017-10-19T23:59:15","date_gmt":"2017-10-19T21:59:15","guid":{"rendered":"https:\/\/theworldwidejournal.com\/2017\/10\/19\/jaime-mayor-oreja-el-golpe-de-estado-va-a-continuar-en-cataluna\/"},"modified":"2017-10-19T23:59:15","modified_gmt":"2017-10-19T21:59:15","slug":"jaime-mayor-oreja-el-golpe-de-estado-va-a-continuar-en-cataluna","status":"publish","type":"post","link":"https:\/\/theworldwidejournal.com\/?p=11634","title":{"rendered":"Jaime Mayor Oreja: \u00abEl golpe de Estado va a continuar en Catalu\u00f1a\u00bb"},"content":{"rendered":"<p>El crecimiento de la tensi\u00f3n del desaf\u00edo soberanista exige una respuesta, no solo del Gobierno, sino tambi\u00e9n de la sociedad civil. As\u00ed lo cree, entre otros, el exministro y actual presidente de la Fundaci\u00f3n Valores y Sociedad, Jaime Mayor Oreja, que aboga por el \u00abcoraje y la determinaci\u00f3n\u00bb como la \u00fanica manera de afrontar esta crisis. Las fundaciones \u00abValores y Sociedad\u00bb y \u00abVillacisneros\u00bb han celebrado este jueves un foro para tratar de articular una respuesta a la crisis territorial que se vive en Catalu\u00f1a. El foro \u00abQu\u00e9 hacer ante el desaf\u00edo nacionalista\u00bb se enmarca dentro del ciclo que arranc\u00f3 en enero bajo el nombre de \u00abEl necesario fortalecimiento de Espa\u00f1a\u00bb, cuyo fin es \u00abcontribuir a la toma de conciencia de la gravedad del reto al que se enfrenta la sociedad en el \u00e1mbito de la Naci\u00f3n para preservar su valor como bien moral,\u00a0 estructura jur\u00eddica y realidad pol\u00edtica\u00bb. En esta ocasi\u00f3n han participado en el acto, adem\u00e1s de Mayor Oreja, el director del peri\u00f3dico ABC, Bieito Rubido, y el del diario El Mundo, Francisco Rosell, el ex vicepresidente del Parlamento Europeo Alejo Vidal-Quadras, y la vicepresidenta de Villacisneros, Mar\u00eda San Gil, que moder\u00f3 un debate que destac\u00f3 por el an\u00e1lisis y las propuestas en torno a este problema. \u00abLa crisis de la naci\u00f3n es una de las m\u00e1s graves que hemos sufrido\u00bb, ha arrancado San Gil, que ha destacado la necesidad de \u00abmover conciencias\u00bb para acompa\u00f1ar a los \u00abcatalanes que se sienten solos y abandonados, que sienten que el Estado de Derecho no est\u00e1 todo lo que deber\u00eda estar\u00bb. Rosell ha realizado un an\u00e1lisis del origen del nacionalismo catal\u00e1n y de por qu\u00e9 ha desembocado en la situaci\u00f3n actual. \u00abEn este pa\u00eds hay un desconocimiento grave de la historia espa\u00f1ola y europea y es no conocer la verdadera ra\u00edz del nacionalismo. Europa se construy\u00f3 en las bases de la cenizas que dej\u00f3 el nacionalismo. Lo que recogemos es lo que estaba preparado\u00bb, ha explicado el director de El Mundo. Un diagn\u00f3stico que ha compartido Rubido, que ha querido \u00abdesmontar los falsos paradigmas de la sociedad espa\u00f1ola\u00bb. En este sentido, ha recordado que \u00abel nacionalismo no es progresista. Es algo retr\u00f3grado, que va contra la libertad que va contra la libertad y contra el progreso. El progreso es todo aquello que nos hace mejores, y por eso, a pesar de que la izquierda ha intenatado monopolizar la idea de progreso, yo soy progresista\u00bb. Sobre la respuesta al desaf\u00edo secesionista, el director del ABC ha defendido que \u00abhay que hacer todo lo contrario de lo que hemos hecho hasta ahora, que ha sido ceder y ceder. Hay que reforzar la idea de Espa\u00f1a en los mejores aspectos en los que se puede reforzar\u00bb. Mayor Oreja, que ha cerrado la sesi\u00f3n, ha insistido en que lo primero que hay que hacer es \u00abcomprender, entender y profundizar en el proyecto de rutura que tenemos ante nosotros\u00bb. El exministro ha explicado que \u00abno nos enfrentamos a un sentimiento, sino al resentimiento\u00bb y, por ello, \u00abel golpe de Estado va a continuar. No por Puigdemont, sino por la propia inercia del movimiento nacionalista, la inercia del resentimiento\u00bb. \u00abLas medidas solo las puede adoptar el Gobierno. Para nosotros es el momento de plantear criterios que sirvan para quienes nis quieran escuchar\u00bb, ha zanjado.<br \/>\nVia: <a href=\"http:\/\/www.abc.es\/espana\/abci-mayor-oreja-no-enfrentamos-sentimiento-sino-resentimiento-201710192159_noticia.html\" target=\"_blank\">Jaime Mayor Oreja: \u00abEl golpe de Estado va a continuar en Catalu\u00f1a\u00bb<\/a><\/p>\n","protected":false},"excerpt":{"rendered":"<p>El crecimiento de la tensi\u00f3n del desaf\u00edo soberanista exige una respuesta, no solo del Gobierno, sino tambi\u00e9n de la sociedad civil. As\u00ed lo cree, entre otros, el exministro y actual presidente de la Fundaci\u00f3n Valores y Sociedad, Jaime Mayor Oreja, que aboga por el \u00abcoraje y la determinaci\u00f3n\u00bb como la [&hellip;]<\/p>\n","protected":false},"author":2,"featured_media":11635,"comment_status":"open","ping_status":"closed","sticky":false,"template":"","format":"standard","meta":{"footnotes":""},"categories":[6],"tags":[],"class_list":["post-11634","post","type-post","status-publish","format-standard","has-post-thumbnail","hentry","category-spanish"],"_links":{"self":[{"href":"https:\/\/theworldwidejournal.com\/index.php?rest_route=\/wp\/v2\/posts\/11634","targetHints":{"allow":["GET"]}}],"collection":[{"href":"https:\/\/theworldwidejournal.com\/index.php?rest_route=\/wp\/v2\/posts"}],"about":[{"href":"https:\/\/theworldwidejournal.com\/index.php?rest_route=\/wp\/v2\/types\/post"}],"author":[{"embeddable":true,"href":"https:\/\/theworldwidejournal.com\/index.php?rest_route=\/wp\/v2\/users\/2"}],"replies":[{"embeddable":true,"href":"https:\/\/theworldwidejournal.com\/index.php?rest_route=%2Fwp%2Fv2%2Fcomments&post=11634"}],"version-history":[{"count":0,"href":"https:\/\/theworldwidejournal.com\/index.php?rest_route=\/wp\/v2\/posts\/11634\/revisions"}],"wp:featuredmedia":[{"embeddable":true,"href":"https:\/\/theworldwidejournal.com\/index.php?rest_route=\/wp\/v2\/media\/11635"}],"wp:attachment":[{"href":"https:\/\/theworldwidejournal.com\/index.php?rest_route=%2Fwp%2Fv2%2Fmedia&parent=11634"}],"wp:term":[{"taxonomy":"category","embeddable":true,"href":"https:\/\/theworldwidejournal.com\/index.php?rest_route=%2Fwp%2Fv2%2Fcategories&post=11634"},{"taxonomy":"post_tag","embeddable":true,"href":"https:\/\/theworldwidejournal.com\/index.php?rest_route=%2Fwp%2Fv2%2Ftags&post=11634"}],"curies":[{"name":"wp","href":"https:\/\/api.w.org\/{rel}","templated":true}]}}