{"id":11701,"date":"2017-10-20T15:52:30","date_gmt":"2017-10-20T13:52:30","guid":{"rendered":"https:\/\/theworldwidejournal.com\/2017\/10\/20\/la-independencia-de-cataluna-y-el-articulo-155-ultimas-noticias-en-directo\/"},"modified":"2017-10-20T15:52:30","modified_gmt":"2017-10-20T13:52:30","slug":"la-independencia-de-cataluna-y-el-articulo-155-ultimas-noticias-en-directo","status":"publish","type":"post","link":"https:\/\/theworldwidejournal.com\/?p=11701","title":{"rendered":"La independencia de Catalu\u00f1a y el art\u00edculo 155, \u00faltimas noticias en directo"},"content":{"rendered":"<p>El presidente del Gobierno, Mariano Rajoy, no ha querido adelantar este viernes ninguno de los acuerdos que el Gobierno pondr\u00e1 ma\u00f1ana en marcha el Consejo de Ministros extraordinario convocado para activar el art\u00edculo 155 de la Constituci\u00f3n. &#8220;Hemos pactado con PSOE y Ciudadanos medidas para volver a la legalidad&#8221; en Catalu\u00f1a, ha dicho desde Bruselas. El PSOE ha anunciado esta ma\u00f1ana que hab\u00edan acordado la celebraci\u00f3n de elecciones el pr\u00f3ximo enero, entre otras medidas. El vicepresidente de la Generalitat, Oriol Junqueras, se ha mostrado contrario a convocar elecciones. &#8220;No es la mejor manera de avanzar&#8221;, ha declarado. El pleno del Senado para aprobar esas medidas se reunir\u00e1 el pr\u00f3ximo viernes. Rajoy acude esta tarde a Oviedo a la ceremonia de entrega de los Premios Princesa de Asturias. Mientras, la juez de la Audiencia Nacional Carmen Lamela ha ordenado investigar el tr\u00e1fico de llamadas entre los cuatro investigados por sedici\u00f3n (Jordi S\u00e0nchez, Jordi Cuixart, Josep Llu\u00eds Trapero y Teresa Laplana). Seguir leyendo.<br \/>\nVia: <a href=\"https:\/\/elpais.com\/ccaa\/2017\/10\/19\/catalunya\/1508393771_172982.html#?ref=rss&#038;format=simple&#038;link=link\" target=\"_blank\">La independencia de Catalu\u00f1a y el art\u00edculo 155, \u00faltimas noticias en directo<\/a><\/p>\n","protected":false},"excerpt":{"rendered":"<p>El presidente del Gobierno, Mariano Rajoy, no ha querido adelantar este viernes ninguno de los acuerdos que el Gobierno pondr\u00e1 ma\u00f1ana en marcha el Consejo de Ministros extraordinario convocado para activar el art\u00edculo 155 de la Constituci\u00f3n. &#8220;Hemos pactado con PSOE y Ciudadanos medidas para volver a la legalidad&#8221; en [&hellip;]<\/p>\n","protected":false},"author":2,"featured_media":0,"comment_status":"open","ping_status":"closed","sticky":false,"template":"","format":"standard","meta":{"footnotes":""},"categories":[6],"tags":[],"class_list":["post-11701","post","type-post","status-publish","format-standard","hentry","category-spanish"],"_links":{"self":[{"href":"https:\/\/theworldwidejournal.com\/index.php?rest_route=\/wp\/v2\/posts\/11701","targetHints":{"allow":["GET"]}}],"collection":[{"href":"https:\/\/theworldwidejournal.com\/index.php?rest_route=\/wp\/v2\/posts"}],"about":[{"href":"https:\/\/theworldwidejournal.com\/index.php?rest_route=\/wp\/v2\/types\/post"}],"author":[{"embeddable":true,"href":"https:\/\/theworldwidejournal.com\/index.php?rest_route=\/wp\/v2\/users\/2"}],"replies":[{"embeddable":true,"href":"https:\/\/theworldwidejournal.com\/index.php?rest_route=%2Fwp%2Fv2%2Fcomments&post=11701"}],"version-history":[{"count":0,"href":"https:\/\/theworldwidejournal.com\/index.php?rest_route=\/wp\/v2\/posts\/11701\/revisions"}],"wp:attachment":[{"href":"https:\/\/theworldwidejournal.com\/index.php?rest_route=%2Fwp%2Fv2%2Fmedia&parent=11701"}],"wp:term":[{"taxonomy":"category","embeddable":true,"href":"https:\/\/theworldwidejournal.com\/index.php?rest_route=%2Fwp%2Fv2%2Fcategories&post=11701"},{"taxonomy":"post_tag","embeddable":true,"href":"https:\/\/theworldwidejournal.com\/index.php?rest_route=%2Fwp%2Fv2%2Ftags&post=11701"}],"curies":[{"name":"wp","href":"https:\/\/api.w.org\/{rel}","templated":true}]}}