{"id":11703,"date":"2017-10-20T16:04:49","date_gmt":"2017-10-20T14:04:49","guid":{"rendered":"https:\/\/theworldwidejournal.com\/2017\/10\/20\/el-ayuntamiento-de-barcelona-rechaza-declarar-non-grato-al-rey-felipe-vi\/"},"modified":"2017-10-20T16:04:49","modified_gmt":"2017-10-20T14:04:49","slug":"el-ayuntamiento-de-barcelona-rechaza-declarar-non-grato-al-rey-felipe-vi","status":"publish","type":"post","link":"https:\/\/theworldwidejournal.com\/?p=11703","title":{"rendered":"El Ayuntamiento de Barcelona rechaza declarar \u00abnon grato\u00bb al Rey Felipe VI"},"content":{"rendered":"<p>El Ayuntamiento de Barcelona ha rechazado declarar persona \u00abnon grata\u00bb al Rey de Espa\u00f1a, Felipe de Borb\u00f3n, as\u00ed como a la Casa Real Espa\u00f1ola. La petici\u00f3n de la CUP, que se ha abordado esta ma\u00f1ana en la comisi\u00f3n municipal de Presidencia y que exig\u00eda la retirada de todas las medallas, honores y reconocimientos que la monarqu\u00eda ha recibido por parte del consistorio catal\u00e1n, ha tenido el apoyo del grupo Dem\u00f2crata, ERC y un concejal no adscrito. El \u00abno\u00bb de BCom\u00fa ha sido crucial para descartar la iniciativa, que tambi\u00e9n ha sido rechazada el PSC, Cs y PP. La postura del partido de Ada Colau ha sido especialmente criticada por todos los grupos. El primer teniente de alcalde, Gerardo Pisarello, ha defendido en esta ocasi\u00f3n su posicionamiento porque a pesar de ser \u00abuna fuerza pol\u00edtica claramente republicana\u00bb y de sus cr\u00edticas con la declaraci\u00f3n institucional del Rey tras el pasado 1-O, su formaci\u00f3n aboga por un di\u00e1logo entre instituciones que resuelva el conflicto actual. \u00abLa declaraci\u00f3n de \u2018non grata\u2019 no servir\u00eda para nada, ir\u00eda en contra del di\u00e1logo que queremos\u00bb, ha sentenciado el edil. En otro sentido, Cs y PP han sido muy cr\u00edticos con la medida y han reprochado a los anticapitalistas c\u00f3mo pueden querer declarar \u00abnon grato\u00bb al Rey y, en cambio, haber arropado a Arnaldo Otegui. \u00abPara la CUP es \u2018non grato\u2019 todo aquel que no tiene su pensamiento totalitario\u00bb, ha criticado la edil del PP, \u00c1ngeles Esteller. Por su parte, Carmen Andr\u00e9s, edil del PSC, ha lamentado que con la medida \u00abse evidencia que la CUP no quiere di\u00e1logo\u00bb, algo que considera que es gran parte del problema en la situaci\u00f3n pol\u00edtica actual. Por el contrario, las formaciones independentistas han apoyado la medida, especialmente tras la declraci\u00f3n que hizo a ra\u00edz del refer\u00e9ndum ilegal. Por ese motivo han recriminado a Felipe VI no haber tenido \u00abneutralidad institucional\u00bb sobre los hechos del pasado 1 de octubre y \u00abno haber sido el Rey de todos\u00bb. Paralelamente, el grupo Dem\u00f2crata, ERC y tambi\u00e9n la CUP han cargado duramente contra el gobierno municipal, a quien han exigido de una vez por todas un posicionamiento claro en el proceso independentista. Misma propuesta, diferente resultado No es la primera vez que la comisi\u00f3n de Presidencia vota una posible declaraci\u00f3n del Rey como persona \u00abnon gata\u00bb. La CUP ya lo propuso durante el verano de 2016 y en esa ocasi\u00f3n la proposici\u00f3n qued\u00f3 rechazada por los grupos municipales de PSC, Cs y PP. ERC fue la \u00fanica que apoy\u00f3 la medida y BCom\u00fa y la antigua CiU votaron diferente a esta ma\u00f1ana y entonces se abstuvieron.<br \/>\nVia: <a href=\"http:\/\/www.abc.es\/espana\/catalunya\/barcelona\/abci-barcelona-rechaza-declarar-grato-felipe-201710201404_noticia.html\" target=\"_blank\">El Ayuntamiento de Barcelona rechaza declarar \u00abnon grato\u00bb al Rey Felipe VI<\/a><\/p>\n","protected":false},"excerpt":{"rendered":"<p>El Ayuntamiento de Barcelona ha rechazado declarar persona \u00abnon grata\u00bb al Rey de Espa\u00f1a, Felipe de Borb\u00f3n, as\u00ed como a la Casa Real Espa\u00f1ola. La petici\u00f3n de la CUP, que se ha abordado esta ma\u00f1ana en la comisi\u00f3n municipal de Presidencia y que exig\u00eda la retirada de todas las medallas, [&hellip;]<\/p>\n","protected":false},"author":2,"featured_media":11704,"comment_status":"open","ping_status":"closed","sticky":false,"template":"","format":"standard","meta":{"footnotes":""},"categories":[6],"tags":[],"class_list":["post-11703","post","type-post","status-publish","format-standard","has-post-thumbnail","hentry","category-spanish"],"_links":{"self":[{"href":"https:\/\/theworldwidejournal.com\/index.php?rest_route=\/wp\/v2\/posts\/11703","targetHints":{"allow":["GET"]}}],"collection":[{"href":"https:\/\/theworldwidejournal.com\/index.php?rest_route=\/wp\/v2\/posts"}],"about":[{"href":"https:\/\/theworldwidejournal.com\/index.php?rest_route=\/wp\/v2\/types\/post"}],"author":[{"embeddable":true,"href":"https:\/\/theworldwidejournal.com\/index.php?rest_route=\/wp\/v2\/users\/2"}],"replies":[{"embeddable":true,"href":"https:\/\/theworldwidejournal.com\/index.php?rest_route=%2Fwp%2Fv2%2Fcomments&post=11703"}],"version-history":[{"count":0,"href":"https:\/\/theworldwidejournal.com\/index.php?rest_route=\/wp\/v2\/posts\/11703\/revisions"}],"wp:featuredmedia":[{"embeddable":true,"href":"https:\/\/theworldwidejournal.com\/index.php?rest_route=\/wp\/v2\/media\/11704"}],"wp:attachment":[{"href":"https:\/\/theworldwidejournal.com\/index.php?rest_route=%2Fwp%2Fv2%2Fmedia&parent=11703"}],"wp:term":[{"taxonomy":"category","embeddable":true,"href":"https:\/\/theworldwidejournal.com\/index.php?rest_route=%2Fwp%2Fv2%2Fcategories&post=11703"},{"taxonomy":"post_tag","embeddable":true,"href":"https:\/\/theworldwidejournal.com\/index.php?rest_route=%2Fwp%2Fv2%2Ftags&post=11703"}],"curies":[{"name":"wp","href":"https:\/\/api.w.org\/{rel}","templated":true}]}}