{"id":11707,"date":"2017-10-20T15:50:19","date_gmt":"2017-10-20T13:50:19","guid":{"rendered":"https:\/\/theworldwidejournal.com\/2017\/10\/20\/joan-ribo-uso-el-coche-oficial-para-ir-al-ayuntamiento-en-la-semana-de-la-movilidad\/"},"modified":"2017-10-20T15:50:19","modified_gmt":"2017-10-20T13:50:19","slug":"joan-ribo-uso-el-coche-oficial-para-ir-al-ayuntamiento-en-la-semana-de-la-movilidad","status":"publish","type":"post","link":"https:\/\/theworldwidejournal.com\/?p=11707","title":{"rendered":"Joan Rib\u00f3 us\u00f3 el coche oficial para ir al  Ayuntamiento en la \u00abSemana de la Movilidad\u00bb"},"content":{"rendered":"<p>\u00abValencia es una ciudad donde la bicicleta est\u00e1 ganando terreno d\u00eda a d\u00eda\u00bb. El alcalde de la capital del Turia, Joan Rib\u00f3, celebraba en la pasada edici\u00f3n del Bicifest el auge del veh\u00edculo de dos ruedas, del que siempre se ha declarado partidario. Rib\u00f3 es un firme detractor del uso de los veh\u00edculos a motor para los desplazamientos por la ciudad. Incluso, ha llegado a declarar que \u00abla gente no compra cuando va en coche\u00bb para defender las pol\u00edticas de \u00abmovilidad\u00bb puestas en marcha por su equipo de Gobierno. Rib\u00f3 sostiene que acude a trabajar en bicicleta, pero no ha renunciado al uso del coche oficial que denostaba cuando formaba parte de la oposici\u00f3n en el Ayuntamiento de Valencia. Si en 2016, su primer a\u00f1o completo de mandato, lo emple\u00f3 hasta en 127 ocasiones, este ejercicio ya suma 89 desplazamientos con el coche que le facilita el Consistorio, con datos oficiales al cierre del 27 de septiembre. El grueso de los desplazamientos efectuados por Rib\u00f3 con el coche oficial se concentra en la propia ciudad de Valencia, aunque el trayecto sea por el centro, donde el Ayuntamiento ha aplicado las medidas m\u00e1s restrictivas para los veh\u00edculos privados a motor. As\u00ed, Rib\u00f3 ha viajado en coche oficial a la misma plaza del Ayuntamiento para acudir a la Semana de la Movilidad (el 16 de septiembre). Ese d\u00eda, cuando arrancaban los actos que promueven en la ciudad el empleo del transporte p\u00fablico y la bicicleta, el alcalde us\u00f3 el coche en dos ocasiones m\u00e1s. Se desplaz\u00f3 al Palacio de la Exposici\u00f3n a la clausa del encuentro de ciudades que han ostentado la capitalidad de la alimentaci\u00f3n y, ya por la noche, fue en el veh\u00edculo oficial al Mercado del Grao para asistir a uno de los actos l\u00fadicos del festival Bonica Fest. En otras ocasiones tambi\u00e9n se ha desplazado a la plaza de Manises, donde mantuvo una reuni\u00f3n con la vicepresidenta de la Diputaci\u00f3n, Mar\u00eda Jos\u00e9 Amig\u00f3, el 12 de abril. De acuerdo con la informaci\u00f3n suministrada por el Ayuntamiento, de las 89 ocasiones en las que Rib\u00f3 ha utilizado el coche oficial, solo en siete lo ha hecho en desplazamientos fuera de la ciudad de Valencia (dos a Barcelona, dos al aeropuerto de Manises, uno a Madrid y uno a Paterna).<br \/>\nVia: <a href=\"http:\/\/www.abc.es\/espana\/comunidad-valenciana\/abci-joan-ribo-coche-oficial-para-plaza-ayuntamiento-semana-movilidad-201710201350_noticia.html\" target=\"_blank\">Joan Rib\u00f3 us\u00f3 el coche oficial para ir al  Ayuntamiento en la \u00abSemana de la Movilidad\u00bb<\/a><\/p>\n","protected":false},"excerpt":{"rendered":"<p>\u00abValencia es una ciudad donde la bicicleta est\u00e1 ganando terreno d\u00eda a d\u00eda\u00bb. El alcalde de la capital del Turia, Joan Rib\u00f3, celebraba en la pasada edici\u00f3n del Bicifest el auge del veh\u00edculo de dos ruedas, del que siempre se ha declarado partidario. Rib\u00f3 es un firme detractor del uso [&hellip;]<\/p>\n","protected":false},"author":2,"featured_media":11708,"comment_status":"open","ping_status":"closed","sticky":false,"template":"","format":"standard","meta":{"footnotes":""},"categories":[6],"tags":[],"class_list":["post-11707","post","type-post","status-publish","format-standard","has-post-thumbnail","hentry","category-spanish"],"_links":{"self":[{"href":"https:\/\/theworldwidejournal.com\/index.php?rest_route=\/wp\/v2\/posts\/11707","targetHints":{"allow":["GET"]}}],"collection":[{"href":"https:\/\/theworldwidejournal.com\/index.php?rest_route=\/wp\/v2\/posts"}],"about":[{"href":"https:\/\/theworldwidejournal.com\/index.php?rest_route=\/wp\/v2\/types\/post"}],"author":[{"embeddable":true,"href":"https:\/\/theworldwidejournal.com\/index.php?rest_route=\/wp\/v2\/users\/2"}],"replies":[{"embeddable":true,"href":"https:\/\/theworldwidejournal.com\/index.php?rest_route=%2Fwp%2Fv2%2Fcomments&post=11707"}],"version-history":[{"count":0,"href":"https:\/\/theworldwidejournal.com\/index.php?rest_route=\/wp\/v2\/posts\/11707\/revisions"}],"wp:featuredmedia":[{"embeddable":true,"href":"https:\/\/theworldwidejournal.com\/index.php?rest_route=\/wp\/v2\/media\/11708"}],"wp:attachment":[{"href":"https:\/\/theworldwidejournal.com\/index.php?rest_route=%2Fwp%2Fv2%2Fmedia&parent=11707"}],"wp:term":[{"taxonomy":"category","embeddable":true,"href":"https:\/\/theworldwidejournal.com\/index.php?rest_route=%2Fwp%2Fv2%2Fcategories&post=11707"},{"taxonomy":"post_tag","embeddable":true,"href":"https:\/\/theworldwidejournal.com\/index.php?rest_route=%2Fwp%2Fv2%2Ftags&post=11707"}],"curies":[{"name":"wp","href":"https:\/\/api.w.org\/{rel}","templated":true}]}}