{"id":11736,"date":"2017-10-20T19:48:04","date_gmt":"2017-10-20T17:48:04","guid":{"rendered":"https:\/\/theworldwidejournal.com\/2017\/10\/20\/les-francais-divises-sur-lutilite-des-vacances-de-la-toussaint\/"},"modified":"2017-10-20T19:48:04","modified_gmt":"2017-10-20T17:48:04","slug":"les-francais-divises-sur-lutilite-des-vacances-de-la-toussaint","status":"publish","type":"post","link":"https:\/\/theworldwidejournal.com\/?p=11736","title":{"rendered":"Les Fran\u00e7ais divis\u00e9s sur l&#039;utilit\u00e9 des vacances de la Toussaint"},"content":{"rendered":"<p>Le ministre de l&#8217;\u00c9ducation Jean-Michel Blanquer a sugg\u00e9r\u00e9, fin ao\u00fbt, qu&#8217;il fallait raccourcir ces vacances. Selon un r\u00e9cent sondage, ce sont les cong\u00e9s les moins utiles pour 43% des Fran\u00e7ais. Leur dur\u00e9e ne cesse de varier depuis les ann\u00e9es 1960. Elles duraient alors une semaine, puis passent \u00e0 trois jours en 1965 !<br \/>\nVia: <a href=\"http:\/\/www.lefigaro.fr\/actualite-france\/2017\/10\/20\/01016-20171020ARTFIG00347-les-francais-divises-sur-l-utilite-des-vacances-de-la-toussaint.php\" target=\"_blank\">Les Fran\u00e7ais divis\u00e9s sur l&#039;utilit\u00e9 des vacances de la Toussaint<\/a><\/p>\n","protected":false},"excerpt":{"rendered":"<p>Le ministre de l&#8217;\u00c9ducation Jean-Michel Blanquer a sugg\u00e9r\u00e9, fin ao\u00fbt, qu&#8217;il fallait raccourcir ces vacances. Selon un r\u00e9cent sondage, ce sont les cong\u00e9s les moins utiles pour 43% des Fran\u00e7ais. Leur dur\u00e9e ne cesse de varier depuis les ann\u00e9es 1960. Elles duraient alors une semaine, puis passent \u00e0 trois jours [&hellip;]<\/p>\n","protected":false},"author":2,"featured_media":0,"comment_status":"open","ping_status":"closed","sticky":false,"template":"","format":"standard","meta":{"footnotes":""},"categories":[4],"tags":[],"class_list":["post-11736","post","type-post","status-publish","format-standard","hentry","category-french"],"_links":{"self":[{"href":"https:\/\/theworldwidejournal.com\/index.php?rest_route=\/wp\/v2\/posts\/11736","targetHints":{"allow":["GET"]}}],"collection":[{"href":"https:\/\/theworldwidejournal.com\/index.php?rest_route=\/wp\/v2\/posts"}],"about":[{"href":"https:\/\/theworldwidejournal.com\/index.php?rest_route=\/wp\/v2\/types\/post"}],"author":[{"embeddable":true,"href":"https:\/\/theworldwidejournal.com\/index.php?rest_route=\/wp\/v2\/users\/2"}],"replies":[{"embeddable":true,"href":"https:\/\/theworldwidejournal.com\/index.php?rest_route=%2Fwp%2Fv2%2Fcomments&post=11736"}],"version-history":[{"count":0,"href":"https:\/\/theworldwidejournal.com\/index.php?rest_route=\/wp\/v2\/posts\/11736\/revisions"}],"wp:attachment":[{"href":"https:\/\/theworldwidejournal.com\/index.php?rest_route=%2Fwp%2Fv2%2Fmedia&parent=11736"}],"wp:term":[{"taxonomy":"category","embeddable":true,"href":"https:\/\/theworldwidejournal.com\/index.php?rest_route=%2Fwp%2Fv2%2Fcategories&post=11736"},{"taxonomy":"post_tag","embeddable":true,"href":"https:\/\/theworldwidejournal.com\/index.php?rest_route=%2Fwp%2Fv2%2Ftags&post=11736"}],"curies":[{"name":"wp","href":"https:\/\/api.w.org\/{rel}","templated":true}]}}