{"id":11770,"date":"2017-10-20T21:32:17","date_gmt":"2017-10-20T19:32:17","guid":{"rendered":"https:\/\/theworldwidejournal.com\/2017\/10\/20\/merkel-la-unica-lider-europea-que-saco-el-tema-de-cataluna-en-la-cumbre\/"},"modified":"2017-10-20T21:32:17","modified_gmt":"2017-10-20T19:32:17","slug":"merkel-la-unica-lider-europea-que-saco-el-tema-de-cataluna-en-la-cumbre","status":"publish","type":"post","link":"https:\/\/theworldwidejournal.com\/?p=11770","title":{"rendered":"Merkel, la \u00fanica l\u00edder europea que sac\u00f3 el tema de Catalu\u00f1a en la cumbre"},"content":{"rendered":"<p>&nbsp;Leer<br \/>\nVia: <a href=\"http:\/\/www.elmundo.es\/espana\/2017\/10\/20\/59ea4ef446163f897a8b45f8.html\" target=\"_blank\">Merkel, la \u00fanica l\u00edder europea que sac\u00f3 el tema de Catalu\u00f1a en la cumbre<\/a><\/p>\n","protected":false},"excerpt":{"rendered":"<p>&nbsp;Leer Via: Merkel, la \u00fanica l\u00edder europea que sac\u00f3 el tema de Catalu\u00f1a en la cumbre<\/p>\n","protected":false},"author":2,"featured_media":0,"comment_status":"open","ping_status":"closed","sticky":false,"template":"","format":"standard","meta":{"footnotes":""},"categories":[6],"tags":[],"class_list":["post-11770","post","type-post","status-publish","format-standard","hentry","category-spanish"],"_links":{"self":[{"href":"https:\/\/theworldwidejournal.com\/index.php?rest_route=\/wp\/v2\/posts\/11770","targetHints":{"allow":["GET"]}}],"collection":[{"href":"https:\/\/theworldwidejournal.com\/index.php?rest_route=\/wp\/v2\/posts"}],"about":[{"href":"https:\/\/theworldwidejournal.com\/index.php?rest_route=\/wp\/v2\/types\/post"}],"author":[{"embeddable":true,"href":"https:\/\/theworldwidejournal.com\/index.php?rest_route=\/wp\/v2\/users\/2"}],"replies":[{"embeddable":true,"href":"https:\/\/theworldwidejournal.com\/index.php?rest_route=%2Fwp%2Fv2%2Fcomments&post=11770"}],"version-history":[{"count":0,"href":"https:\/\/theworldwidejournal.com\/index.php?rest_route=\/wp\/v2\/posts\/11770\/revisions"}],"wp:attachment":[{"href":"https:\/\/theworldwidejournal.com\/index.php?rest_route=%2Fwp%2Fv2%2Fmedia&parent=11770"}],"wp:term":[{"taxonomy":"category","embeddable":true,"href":"https:\/\/theworldwidejournal.com\/index.php?rest_route=%2Fwp%2Fv2%2Fcategories&post=11770"},{"taxonomy":"post_tag","embeddable":true,"href":"https:\/\/theworldwidejournal.com\/index.php?rest_route=%2Fwp%2Fv2%2Ftags&post=11770"}],"curies":[{"name":"wp","href":"https:\/\/api.w.org\/{rel}","templated":true}]}}