{"id":11777,"date":"2017-10-21T02:21:37","date_gmt":"2017-10-21T00:21:37","guid":{"rendered":"https:\/\/theworldwidejournal.com\/2017\/10\/21\/el-cadaver-hallado-es-el-de-santiago-maldonado-reconoce-su-familia\/"},"modified":"2017-10-21T02:21:37","modified_gmt":"2017-10-21T00:21:37","slug":"el-cadaver-hallado-es-el-de-santiago-maldonado-reconoce-su-familia","status":"publish","type":"post","link":"https:\/\/theworldwidejournal.com\/?p=11777","title":{"rendered":"El cad\u00e1ver hallado es el de Santiago Maldonado, reconoce su familia"},"content":{"rendered":"<p>El cad\u00e1ver hallado este martes en el sure\u00f1o r\u00edo Chubut es el del joven argentino Santiago Maldonado, de quien se perdi\u00f3 la pista hace dos meses y medio cuando supuestamente participaba en la protesta de una comunidad ind\u00edgena que fue reprimida por la Gendarmer\u00eda, inform\u00f3 hoy su familia. \u00abEs Santiago (&#8230;) Reconocimos los tatuajes\u00bb, dijo Sergio, su hermano, a las puertas de la morgue judicial de la Corte Suprema de Justicia, en Buenos Aires, donde este viernes se inici\u00f3 la autopsia del cuerpo encontrado a pocos metros del epicentro de la protesta en la que el joven artesano fue visto por \u00faltima vez el 1 de agosto pasado, cuando hu\u00eda de los gendarmes que reprim\u00edan la manifestaci\u00f3n. El caso, que se investiga como una \u00abdesaparici\u00f3n forzada\u00bb, ha generado una fuerte pol\u00e9mica en los \u00faltimos meses, y una de las principales sospechas, sobre todo por parte de la familia y de organismos de derechos humanos, es que la Gendarmer\u00eda, que depende del Gobierno de Mauricio Macri, es responsable de su desaparici\u00f3n. \u00abA partir de ahora lo que les vamos a pedir es que tengan respeto con mi familia porque necesitamos estar mas tranquilos. Pudimos mirar el cuerpo, lo que reconocimos fueron los tatuajes de Santiago, as\u00ed que estamos convencidos de que es Santiago\u00bb, remarc\u00f3 Sergio en declaraciones a la prensa. El hermano del desaparecido, de 28 a\u00f1os, explic\u00f3 que hasta ahora \u00ablo \u00fanico que se hizo\u00bb desde que comenz\u00f3 el estudio del cad\u00e1ver, en la ma\u00f1ana de hoy, es \u00abpresentar el cuerpo\u00bb. \u00abA partir de ahora empieza el peritaje, la autopsia, y en unos d\u00edas ya va a estar el resultado final con las muestras de ADN y la confirmaci\u00f3n real\u00bb, concluy\u00f3, para subrayar que seguir\u00e1n investigando para que se sepa la verdad y tener la justicia. Antes, la abogada Liliana Alaniz, representante de la Asociaci\u00f3n Profesionales en Lucha, especific\u00f3 que hay \u00ab15 \u00f3 20 personas entre peritos y miembros de la Justicia en la sala de la autopsia\u00bb, y de ellos \u00abnadie entra ni nadie sale\u00bb. Desde agosto, la desaparici\u00f3n de Maldonado ha marcado a la sociedad y al panorama pol\u00edtico argentino, especialmente al oficialismo, que en apenas dos d\u00edas ver\u00e1 si el caso impacta en la opini\u00f3n los ciudadanos, que acudir\u00e1n a las urnas para votar en las primeras elecciones legislativas a las que har\u00e1 frente el Gobierno de Macri.<br \/>\nVia: <a href=\"http:\/\/www.abc.es\/internacional\/abci-cadaver-hallado-santiago-maldonado-reconoce-familia-201710210021_noticia.html\" target=\"_blank\">El cad\u00e1ver hallado es el de Santiago Maldonado, reconoce su familia<\/a><\/p>\n","protected":false},"excerpt":{"rendered":"<p>El cad\u00e1ver hallado este martes en el sure\u00f1o r\u00edo Chubut es el del joven argentino Santiago Maldonado, de quien se perdi\u00f3 la pista hace dos meses y medio cuando supuestamente participaba en la protesta de una comunidad ind\u00edgena que fue reprimida por la Gendarmer\u00eda, inform\u00f3 hoy su familia. \u00abEs Santiago [&hellip;]<\/p>\n","protected":false},"author":2,"featured_media":11778,"comment_status":"open","ping_status":"closed","sticky":false,"template":"","format":"standard","meta":{"footnotes":""},"categories":[6],"tags":[],"class_list":["post-11777","post","type-post","status-publish","format-standard","has-post-thumbnail","hentry","category-spanish"],"_links":{"self":[{"href":"https:\/\/theworldwidejournal.com\/index.php?rest_route=\/wp\/v2\/posts\/11777","targetHints":{"allow":["GET"]}}],"collection":[{"href":"https:\/\/theworldwidejournal.com\/index.php?rest_route=\/wp\/v2\/posts"}],"about":[{"href":"https:\/\/theworldwidejournal.com\/index.php?rest_route=\/wp\/v2\/types\/post"}],"author":[{"embeddable":true,"href":"https:\/\/theworldwidejournal.com\/index.php?rest_route=\/wp\/v2\/users\/2"}],"replies":[{"embeddable":true,"href":"https:\/\/theworldwidejournal.com\/index.php?rest_route=%2Fwp%2Fv2%2Fcomments&post=11777"}],"version-history":[{"count":0,"href":"https:\/\/theworldwidejournal.com\/index.php?rest_route=\/wp\/v2\/posts\/11777\/revisions"}],"wp:featuredmedia":[{"embeddable":true,"href":"https:\/\/theworldwidejournal.com\/index.php?rest_route=\/wp\/v2\/media\/11778"}],"wp:attachment":[{"href":"https:\/\/theworldwidejournal.com\/index.php?rest_route=%2Fwp%2Fv2%2Fmedia&parent=11777"}],"wp:term":[{"taxonomy":"category","embeddable":true,"href":"https:\/\/theworldwidejournal.com\/index.php?rest_route=%2Fwp%2Fv2%2Fcategories&post=11777"},{"taxonomy":"post_tag","embeddable":true,"href":"https:\/\/theworldwidejournal.com\/index.php?rest_route=%2Fwp%2Fv2%2Ftags&post=11777"}],"curies":[{"name":"wp","href":"https:\/\/api.w.org\/{rel}","templated":true}]}}