{"id":11843,"date":"2017-10-21T14:51:01","date_gmt":"2017-10-21T12:51:01","guid":{"rendered":"https:\/\/theworldwidejournal.com\/2017\/10\/21\/el-gobierno-aplica-el-articulo-155-para-destituir-a-puigdemont-y-sus-consejeros\/"},"modified":"2017-10-21T14:51:01","modified_gmt":"2017-10-21T12:51:01","slug":"el-gobierno-aplica-el-articulo-155-para-destituir-a-puigdemont-y-sus-consejeros","status":"publish","type":"post","link":"https:\/\/theworldwidejournal.com\/?p=11843","title":{"rendered":"El Gobierno aplica el art\u00edculo 155 para destituir a Puigdemont y sus consejeros"},"content":{"rendered":"<p>El Gobierno de Mariano Rajoy ha aprobado este s\u00e1bado convocar elecciones adelantadas en Catalu\u00f1a en un plazo de seis meses o &#8220;en cuanto se recupere la normalidad&#8221;; cesar al presidente de la Generalitat, Carles Puigdemont, al vicepresidente, Oriol Junqueras, y a todos sus consejeros; que la administraci\u00f3n catalana act\u00fae bajo las directrices de los distintos ministerios; y dar capacidad de veto al Ejecutivo central frente a cualquier iniciativa aprobada en el Parlament catal\u00e1n, que seguir\u00e1 abierto pero no podr\u00e1 proponer candidato a la presidencia. La intervenci\u00f3n de esas competencias concretas del Govern al amparo del art\u00edculo 155 de la Constituci\u00f3n debe ser aprobada ahora por mayor\u00eda absoluta en el Senado, que previsiblemente validar\u00e1 el plan gubernamental en un pleno extraordinario que se celebrar\u00e1 el pr\u00f3ximo viernes.Seguir leyendo.<br \/>\nVia: <a href=\"https:\/\/elpais.com\/politica\/2017\/10\/21\/actualidad\/1508572466_221699.html#?ref=rss&#038;format=simple&#038;link=link\" target=\"_blank\">El Gobierno aplica el art\u00edculo 155 para destituir a Puigdemont y sus consejeros<\/a><\/p>\n","protected":false},"excerpt":{"rendered":"<p>El Gobierno de Mariano Rajoy ha aprobado este s\u00e1bado convocar elecciones adelantadas en Catalu\u00f1a en un plazo de seis meses o &#8220;en cuanto se recupere la normalidad&#8221;; cesar al presidente de la Generalitat, Carles Puigdemont, al vicepresidente, Oriol Junqueras, y a todos sus consejeros; que la administraci\u00f3n catalana act\u00fae bajo [&hellip;]<\/p>\n","protected":false},"author":2,"featured_media":0,"comment_status":"open","ping_status":"closed","sticky":false,"template":"","format":"standard","meta":{"footnotes":""},"categories":[6],"tags":[],"class_list":["post-11843","post","type-post","status-publish","format-standard","hentry","category-spanish"],"_links":{"self":[{"href":"https:\/\/theworldwidejournal.com\/index.php?rest_route=\/wp\/v2\/posts\/11843","targetHints":{"allow":["GET"]}}],"collection":[{"href":"https:\/\/theworldwidejournal.com\/index.php?rest_route=\/wp\/v2\/posts"}],"about":[{"href":"https:\/\/theworldwidejournal.com\/index.php?rest_route=\/wp\/v2\/types\/post"}],"author":[{"embeddable":true,"href":"https:\/\/theworldwidejournal.com\/index.php?rest_route=\/wp\/v2\/users\/2"}],"replies":[{"embeddable":true,"href":"https:\/\/theworldwidejournal.com\/index.php?rest_route=%2Fwp%2Fv2%2Fcomments&post=11843"}],"version-history":[{"count":0,"href":"https:\/\/theworldwidejournal.com\/index.php?rest_route=\/wp\/v2\/posts\/11843\/revisions"}],"wp:attachment":[{"href":"https:\/\/theworldwidejournal.com\/index.php?rest_route=%2Fwp%2Fv2%2Fmedia&parent=11843"}],"wp:term":[{"taxonomy":"category","embeddable":true,"href":"https:\/\/theworldwidejournal.com\/index.php?rest_route=%2Fwp%2Fv2%2Fcategories&post=11843"},{"taxonomy":"post_tag","embeddable":true,"href":"https:\/\/theworldwidejournal.com\/index.php?rest_route=%2Fwp%2Fv2%2Ftags&post=11843"}],"curies":[{"name":"wp","href":"https:\/\/api.w.org\/{rel}","templated":true}]}}