{"id":11844,"date":"2017-10-21T11:49:48","date_gmt":"2017-10-21T09:49:48","guid":{"rendered":"https:\/\/theworldwidejournal.com\/2017\/10\/21\/la-fiscalia-prepara-una-querella-por-rebelion-contra-puigdemont-si-declara-la-independencia\/"},"modified":"2017-10-21T11:49:48","modified_gmt":"2017-10-21T09:49:48","slug":"la-fiscalia-prepara-una-querella-por-rebelion-contra-puigdemont-si-declara-la-independencia","status":"publish","type":"post","link":"https:\/\/theworldwidejournal.com\/?p=11844","title":{"rendered":"La Fiscal\u00eda prepara una querella por rebeli\u00f3n contra Puigdemont si declara la independencia"},"content":{"rendered":"<p>La Fiscal\u00eda General del Estado ha confirmado este s\u00e1bado que \u201cse est\u00e1 preparando una querella por rebeli\u00f3n\u201d contra el presidente de la Generalitat de Catalu\u00f1a, Carles Puigdemont, y otros dirigentes independentistas \u201cpara el supuesto de que se llevara a cabo una declaraci\u00f3n de independencia\u201d. La rebeli\u00f3n, una versi\u00f3n m\u00e1s grave del delito de sedici\u00f3n, castiga con hasta 30 a\u00f1os de c\u00e1rcel a quienes se levanten \u201cviolenta y p\u00fablicamente\u201d para, entre otros objetivos, \u201cderogar, suspender o modificar total o parcialmente la Constituci\u00f3n\u201d o \u201cdeclarar la independencia de una parte del territorio nacional\u201d.Seguir leyendo.<br \/>\nVia: <a href=\"https:\/\/elpais.com\/politica\/2017\/10\/21\/actualidad\/1508578330_226225.html#?ref=rss&#038;format=simple&#038;link=link\" target=\"_blank\">La Fiscal\u00eda prepara una querella por rebeli\u00f3n contra Puigdemont si declara la independencia<\/a><\/p>\n","protected":false},"excerpt":{"rendered":"<p>La Fiscal\u00eda General del Estado ha confirmado este s\u00e1bado que \u201cse est\u00e1 preparando una querella por rebeli\u00f3n\u201d contra el presidente de la Generalitat de Catalu\u00f1a, Carles Puigdemont, y otros dirigentes independentistas \u201cpara el supuesto de que se llevara a cabo una declaraci\u00f3n de independencia\u201d. La rebeli\u00f3n, una versi\u00f3n m\u00e1s grave [&hellip;]<\/p>\n","protected":false},"author":2,"featured_media":0,"comment_status":"open","ping_status":"closed","sticky":false,"template":"","format":"standard","meta":{"footnotes":""},"categories":[6],"tags":[],"class_list":["post-11844","post","type-post","status-publish","format-standard","hentry","category-spanish"],"_links":{"self":[{"href":"https:\/\/theworldwidejournal.com\/index.php?rest_route=\/wp\/v2\/posts\/11844","targetHints":{"allow":["GET"]}}],"collection":[{"href":"https:\/\/theworldwidejournal.com\/index.php?rest_route=\/wp\/v2\/posts"}],"about":[{"href":"https:\/\/theworldwidejournal.com\/index.php?rest_route=\/wp\/v2\/types\/post"}],"author":[{"embeddable":true,"href":"https:\/\/theworldwidejournal.com\/index.php?rest_route=\/wp\/v2\/users\/2"}],"replies":[{"embeddable":true,"href":"https:\/\/theworldwidejournal.com\/index.php?rest_route=%2Fwp%2Fv2%2Fcomments&post=11844"}],"version-history":[{"count":0,"href":"https:\/\/theworldwidejournal.com\/index.php?rest_route=\/wp\/v2\/posts\/11844\/revisions"}],"wp:attachment":[{"href":"https:\/\/theworldwidejournal.com\/index.php?rest_route=%2Fwp%2Fv2%2Fmedia&parent=11844"}],"wp:term":[{"taxonomy":"category","embeddable":true,"href":"https:\/\/theworldwidejournal.com\/index.php?rest_route=%2Fwp%2Fv2%2Fcategories&post=11844"},{"taxonomy":"post_tag","embeddable":true,"href":"https:\/\/theworldwidejournal.com\/index.php?rest_route=%2Fwp%2Fv2%2Ftags&post=11844"}],"curies":[{"name":"wp","href":"https:\/\/api.w.org\/{rel}","templated":true}]}}