{"id":11845,"date":"2017-10-21T16:01:54","date_gmt":"2017-10-21T14:01:54","guid":{"rendered":"https:\/\/theworldwidejournal.com\/2017\/10\/21\/el-rey-pone-una-aldea-como-ejemplo-de-los-que-se-crea-en-convivencia\/"},"modified":"2017-10-21T16:01:54","modified_gmt":"2017-10-21T14:01:54","slug":"el-rey-pone-una-aldea-como-ejemplo-de-los-que-se-crea-en-convivencia","status":"publish","type":"post","link":"https:\/\/theworldwidejournal.com\/?p=11845","title":{"rendered":"El Rey pone una aldea como ejemplo de los que se crea en convivencia"},"content":{"rendered":"<p>El Rey ha puesto una peque\u00f1a aldea asturiana, llamada Pore\u00f1o, como ejemplo de todo lo que se puede conseguir cuando se convive en la diversidad y las personas se unen para construir un \u00abmodelo solidario y pr\u00f3spero\u00bb. Despu\u00e9s de recorrer el pueblo en la ma\u00f1ana de este s\u00e1bado, donde ha saludado a sus vecinos y ha acariciado a sus animales, Don Felipe afirm\u00f3 que \u00aben pocos lugares como en un pueblo peque\u00f1o puede percibirse tan claramente el fundamento de la vida y la convivencia en sociedad, la necesidad de compartir, de unirse para realizar un gran proyecto\u00bb. Aunque en ning\u00fan momento cit\u00f3 al desaf\u00edo separatista catal\u00e1n, el Rey destac\u00f3 la importancia de la convivencia, el esfuerzo com\u00fan, la uni\u00f3n y la solidaridad para alcanzar grandes metas. As\u00ed, subray\u00f3 que la aldea de Pore\u00f1o es \u00abante todo y sobre todo, comunidad. Una comunidad que hunde sus ra\u00edces en lo m\u00e1s temprano de la historia y que hace de la uni\u00f3n vecinal su principal bandera\u00bb. Acompa\u00f1ado por Do\u00f1a Letizia, el Rey ha entregado a Pore\u00f1o el premio al Pueblo Ejemplar, y ha recordado \u00abun hecho trascendental de la historia de Espa\u00f1a que tuvo lugar en esta tierra\u00bb. Se refer\u00eda a la llegada a Espa\u00f1a, hace cinco siglos, de quien llegar\u00eda a ser el Rey Carlos I de Espa\u00f1a y el Emperador Carlos V del Sacro Imperio. \u00abUn hecho -dijo- que debemos recordar para comprender mejor las profundas ra\u00edces de nuestra Naci\u00f3n\u00bb. \u00abLos pueblos atesoran valores muy necesarios para nuestra sociedad que nunca debemos perder\u00bb, explic\u00f3 el Rey, y a\u00f1adi\u00f3 que \u00abevocan una idea de lo aut\u00e9ntico y seguro donde las puertas siempre est\u00e1n abiertas a la hospitalidad, a la acogida alegre y generosa\u00bb. Seg\u00fan relat\u00f3, \u00abson lugares donde muchos conocen y aprenden por vez primera los valores que gu\u00edan toda una vida. Por ello, los pueblos afirman el alma y embellecen el paisaje de Asturias resaltando la riqueza de su diversidad. Y esto sucede aqu\u00ed, pero tambi\u00e9n en toda Espa\u00f1a\u00bb. Una de las caracter\u00edsticas de esta aldea, y por la que ha sido galardonada con el premio al Pueblo Ejemplar, es su capacidad asociativa. De hecho, los vecinos dedican un s\u00e1bado al mes a realizar trabajos de mejora colectiva. Don Felipe valor\u00f3 las llamadas sextaferias, una tradici\u00f3n en el campo asturiano que \u00abune esfuerzos generosos para lograr obras necesarias como la carretera abierta a pico y pala para salir al encuentro de la modernidad, la tra\u00edda de las aguas, la restauraci\u00f3n de la capilla, la limpieza y asfaltado de caminos, y hasta la adaptaci\u00f3n de las antiguas escuelas en local para el disfrute de los vecinos\u00bb. Todo ello, afirm\u00f3, \u00abes un perfecto ejemplo de saber hacer comunidad y esfuerzo com\u00fan que ha redundado en una notable mejora de las condiciones de vida de la poblaci\u00f3n\u00bb. Los Reyes, que estuvieron recorriendo el pueblo acompa\u00f1ados por el presidente del Principado de Asturias, Javier Fern\u00e1ndez, y el delegado del Gobierno, Gabino de Lorenzo, terminaron su visita compartiendo un almuerzo de campo con el centenar de vecinos de Pore\u00f1o y otros muchos m\u00e1s llegados de toda la comarca de Villaviciosa.<br \/>\nVia: <a href=\"http:\/\/www.abc.es\/cultura\/abci-pone-aldea-como-ejemplo-grandes-proyectos-pueden-construir-convivencia-201710211401_noticia.html\" target=\"_blank\">El Rey pone una aldea como ejemplo de los que se crea en convivencia<\/a><\/p>\n","protected":false},"excerpt":{"rendered":"<p>El Rey ha puesto una peque\u00f1a aldea asturiana, llamada Pore\u00f1o, como ejemplo de todo lo que se puede conseguir cuando se convive en la diversidad y las personas se unen para construir un \u00abmodelo solidario y pr\u00f3spero\u00bb. Despu\u00e9s de recorrer el pueblo en la ma\u00f1ana de este s\u00e1bado, donde ha [&hellip;]<\/p>\n","protected":false},"author":2,"featured_media":11846,"comment_status":"open","ping_status":"closed","sticky":false,"template":"","format":"standard","meta":{"footnotes":""},"categories":[6],"tags":[],"class_list":["post-11845","post","type-post","status-publish","format-standard","has-post-thumbnail","hentry","category-spanish"],"_links":{"self":[{"href":"https:\/\/theworldwidejournal.com\/index.php?rest_route=\/wp\/v2\/posts\/11845","targetHints":{"allow":["GET"]}}],"collection":[{"href":"https:\/\/theworldwidejournal.com\/index.php?rest_route=\/wp\/v2\/posts"}],"about":[{"href":"https:\/\/theworldwidejournal.com\/index.php?rest_route=\/wp\/v2\/types\/post"}],"author":[{"embeddable":true,"href":"https:\/\/theworldwidejournal.com\/index.php?rest_route=\/wp\/v2\/users\/2"}],"replies":[{"embeddable":true,"href":"https:\/\/theworldwidejournal.com\/index.php?rest_route=%2Fwp%2Fv2%2Fcomments&post=11845"}],"version-history":[{"count":0,"href":"https:\/\/theworldwidejournal.com\/index.php?rest_route=\/wp\/v2\/posts\/11845\/revisions"}],"wp:featuredmedia":[{"embeddable":true,"href":"https:\/\/theworldwidejournal.com\/index.php?rest_route=\/wp\/v2\/media\/11846"}],"wp:attachment":[{"href":"https:\/\/theworldwidejournal.com\/index.php?rest_route=%2Fwp%2Fv2%2Fmedia&parent=11845"}],"wp:term":[{"taxonomy":"category","embeddable":true,"href":"https:\/\/theworldwidejournal.com\/index.php?rest_route=%2Fwp%2Fv2%2Fcategories&post=11845"},{"taxonomy":"post_tag","embeddable":true,"href":"https:\/\/theworldwidejournal.com\/index.php?rest_route=%2Fwp%2Fv2%2Ftags&post=11845"}],"curies":[{"name":"wp","href":"https:\/\/api.w.org\/{rel}","templated":true}]}}