{"id":11851,"date":"2017-10-21T13:20:04","date_gmt":"2017-10-21T11:20:04","guid":{"rendered":"https:\/\/theworldwidejournal.com\/2017\/10\/21\/un-nonagenario-acusado-de-haber-sido-vigilante-de-un-campo-nazi\/"},"modified":"2017-10-21T13:20:04","modified_gmt":"2017-10-21T11:20:04","slug":"un-nonagenario-acusado-de-haber-sido-vigilante-de-un-campo-nazi","status":"publish","type":"post","link":"https:\/\/theworldwidejournal.com\/?p=11851","title":{"rendered":"Un nonagenario, acusado de haber sido vigilante de un campo nazi"},"content":{"rendered":"<p>La fiscal\u00eda estatal de Fr\u00e1ncfort (Alemania) inform\u00f3 hoy de que ha acusado como sospechoso de complicidad en asesinato a un hombre de 96 a\u00f1os que ejerci\u00f3 de vigilante en un campo de concentraci\u00f3n nazi situado en la actual Polonia. El caso se asemeja a otros que ha sacado adelante la Justicia alemana en los \u00faltimos a\u00f1os y que ponen en el punto de mira a personal de los campos de concentraci\u00f3n con funciones secundarias, de enfermeros a contables pasando por vigilantes. La fiscal\u00eda explic\u00f3 en un comunicado que el sospechoso, residente en Fr\u00e1ncfort, fue vigilante del campo de Lublin-Majdanek entre agosto de 1943 y enero de 1944 como miembro de una compa\u00f1\u00eda de las SS. El acusado, \u00abcomo todos los miembros de las SS en el campo\u00bb, era \u00abconsciente del horror organizado de las matanzas masivas\u00bb en Lublin-Majdanek y sab\u00eda que los prisioneros \u00abiban a ser asesinados por motivos raciales\u00bb. En concreto, se le imputa haber apoyado la denominada \u00abAcci\u00f3n Erntefest\u00bb, una operaci\u00f3n nazi en la que se extermin\u00f3 a 17.000 prisioneros jud\u00edos, a los que se dispar\u00f3 despu\u00e9s obligarles a excavar su propia tumba. La acusaci\u00f3n se basa en las investigaciones llevadas a cabo por la Sede Central de la Administraci\u00f3n de Justicia para el Esclarecimiento de los Delitos del Nacionalsocialismo.<br \/>\nVia: <a href=\"http:\/\/www.abc.es\/internacional\/abci-alemania-nonagenario-aleman-acusado-pasado-como-vigilante-campo-nazi-201710211120_noticia.html\" target=\"_blank\">Un nonagenario, acusado de haber sido vigilante de un campo nazi<\/a><\/p>\n","protected":false},"excerpt":{"rendered":"<p>La fiscal\u00eda estatal de Fr\u00e1ncfort (Alemania) inform\u00f3 hoy de que ha acusado como sospechoso de complicidad en asesinato a un hombre de 96 a\u00f1os que ejerci\u00f3 de vigilante en un campo de concentraci\u00f3n nazi situado en la actual Polonia. El caso se asemeja a otros que ha sacado adelante la [&hellip;]<\/p>\n","protected":false},"author":2,"featured_media":11852,"comment_status":"open","ping_status":"closed","sticky":false,"template":"","format":"standard","meta":{"footnotes":""},"categories":[6],"tags":[],"class_list":["post-11851","post","type-post","status-publish","format-standard","has-post-thumbnail","hentry","category-spanish"],"_links":{"self":[{"href":"https:\/\/theworldwidejournal.com\/index.php?rest_route=\/wp\/v2\/posts\/11851","targetHints":{"allow":["GET"]}}],"collection":[{"href":"https:\/\/theworldwidejournal.com\/index.php?rest_route=\/wp\/v2\/posts"}],"about":[{"href":"https:\/\/theworldwidejournal.com\/index.php?rest_route=\/wp\/v2\/types\/post"}],"author":[{"embeddable":true,"href":"https:\/\/theworldwidejournal.com\/index.php?rest_route=\/wp\/v2\/users\/2"}],"replies":[{"embeddable":true,"href":"https:\/\/theworldwidejournal.com\/index.php?rest_route=%2Fwp%2Fv2%2Fcomments&post=11851"}],"version-history":[{"count":0,"href":"https:\/\/theworldwidejournal.com\/index.php?rest_route=\/wp\/v2\/posts\/11851\/revisions"}],"wp:featuredmedia":[{"embeddable":true,"href":"https:\/\/theworldwidejournal.com\/index.php?rest_route=\/wp\/v2\/media\/11852"}],"wp:attachment":[{"href":"https:\/\/theworldwidejournal.com\/index.php?rest_route=%2Fwp%2Fv2%2Fmedia&parent=11851"}],"wp:term":[{"taxonomy":"category","embeddable":true,"href":"https:\/\/theworldwidejournal.com\/index.php?rest_route=%2Fwp%2Fv2%2Fcategories&post=11851"},{"taxonomy":"post_tag","embeddable":true,"href":"https:\/\/theworldwidejournal.com\/index.php?rest_route=%2Fwp%2Fv2%2Ftags&post=11851"}],"curies":[{"name":"wp","href":"https:\/\/api.w.org\/{rel}","templated":true}]}}