{"id":119073,"date":"2019-11-14T21:45:45","date_gmt":"2019-11-14T20:45:45","guid":{"rendered":"https:\/\/theworldwidejournal.com\/2019\/11\/14\/trump-exige-a-europa-que-repatrie-ya-a-sus-yihadistas-en-siria-e-irak\/"},"modified":"2019-11-14T21:45:45","modified_gmt":"2019-11-14T20:45:45","slug":"trump-exige-a-europa-que-repatrie-ya-a-sus-yihadistas-en-siria-e-irak","status":"publish","type":"post","link":"https:\/\/theworldwidejournal.com\/?p=119073","title":{"rendered":"Trump exige a Europa que repatr\u00ede ya a sus yihadistas en Siria e Irak"},"content":{"rendered":"<p>El gobierno de Estados Unidos ha instado a sus socios europeos, incluida Espa\u00f1a, a que se encarguen de repatriar y juzgar cuanto antes a los islamistas que se unieron a Daesh y han quedado bajo custodia militar en Irak y Siria. \u201cLos socios de la coalici\u00f3n deben hacerse cargo de los miles de terroristas extranjeros que han sido detenidos y debe asegurarse de que rinden cuentas por las atrocidades que hayan cometido\u201d, ha dicho el secretario de Estado norteamericano, Mike Pompeo, durante una reuni\u00f3n de la coalici\u00f3n contra el Daesh. A esa reuni\u00f3n han acudido una gran mayor\u00eda de los ministros de Exteriores de los 35 pa\u00edses miembros de la coalici\u00f3n, incluidos los de Francia (Jean-Yves Le Drian) e Italia (Luigi Di Maio). El ministro espa\u00f1ol de Exteriores en funciones, Josep Borrell, acompa\u00f1a a los Reyes de Espa\u00f1a en su viaje a Cuba, que acaba hoy, y ha enviado en su lugar a Enrique Mora, director general de Pol\u00edtica Exterior y de Seguridad, uno de los pocos participantes que no ten\u00eda rango ministerial. No hay cifras exactas de cu\u00e1ntos europeos han sido detenidos en Irak y Siria tras haber combatido en las filas de Daesh tras la proclamaci\u00f3n del califato. Algunas investigaciones sit\u00faan la cifra total por encima de los 2.000. Las fuerzas de seguridad espa\u00f1olas calculan en 133 el n\u00famero de combatientes que salieron de Espa\u00f1a para luchar como terroristas extranjeros y que hoy todav\u00eda est\u00e1n en lo que fue el califato. El mes pasado Borrell dijo en Bruselas que los ciudadanos espa\u00f1oles en esa situaci\u00f3n ser\u00edan tra\u00eddos de vuelta, aunque de momento esa promesa no se ha cumplido. \u201cHa habido diferencias entre los pa\u00edses miembros sobre si hay que repatriar a estos combatientes o no\u201d, ha admitido tras la reuni\u00f3n mantenida en Washington el embajador norteamericano Franklin Jeffrey, enviado especial del presidente norteamericano Donald Trump a la coalici\u00f3n contra Daesh. El gobierno franc\u00e9s hab\u00eda planteado la posibilidad de juzgar a esos combatientes en Irak, algo a lo que EE.UU. se opone. Seg\u00fan el embajador al cargo de labores antiterroristas en EE.UU., Nathan Sales, \u201cno se le puede pedir a un pa\u00eds que se haga cargo de los nacionales de otro pa\u00eds, es algo que no aceptamos\u201d. La retirada de EE.UU. de Siria ha dejado a muchos de esos yihadistas detenidos en manos de las milicias kurdas, amenazadas a su vez por un intento de ofensiva por parte de Turqu\u00eda. La inestabilidad en la zona ha hecho temer a EE.UU. que muchos de esos combatientes queden en libertad. \u201cSon un riesgo no s\u00f3lo para Siria e Irak, sino para todo el mundo, incluida Europa\u201d, dijo el embajador Jeffrey.<br \/>\nVia: <a href=\"https:\/\/www.abc.es\/internacional\/abci-trump-exige-europa-repatrie-yihadistas-siria-irak-201911142145_noticia.html\" target=\"_blank\">Trump exige a Europa que repatr\u00ede ya a sus yihadistas en Siria e Irak<\/a><\/p>\n","protected":false},"excerpt":{"rendered":"<p>El gobierno de Estados Unidos ha instado a sus socios europeos, incluida Espa\u00f1a, a que se encarguen de repatriar y juzgar cuanto antes a los islamistas que se unieron a Daesh y han quedado bajo custodia militar en Irak y Siria. \u201cLos socios de la coalici\u00f3n deben hacerse cargo de [&hellip;]<\/p>\n","protected":false},"author":2,"featured_media":119074,"comment_status":"open","ping_status":"closed","sticky":false,"template":"","format":"standard","meta":{"footnotes":""},"categories":[6],"tags":[],"class_list":["post-119073","post","type-post","status-publish","format-standard","has-post-thumbnail","hentry","category-spanish"],"_links":{"self":[{"href":"https:\/\/theworldwidejournal.com\/index.php?rest_route=\/wp\/v2\/posts\/119073","targetHints":{"allow":["GET"]}}],"collection":[{"href":"https:\/\/theworldwidejournal.com\/index.php?rest_route=\/wp\/v2\/posts"}],"about":[{"href":"https:\/\/theworldwidejournal.com\/index.php?rest_route=\/wp\/v2\/types\/post"}],"author":[{"embeddable":true,"href":"https:\/\/theworldwidejournal.com\/index.php?rest_route=\/wp\/v2\/users\/2"}],"replies":[{"embeddable":true,"href":"https:\/\/theworldwidejournal.com\/index.php?rest_route=%2Fwp%2Fv2%2Fcomments&post=119073"}],"version-history":[{"count":0,"href":"https:\/\/theworldwidejournal.com\/index.php?rest_route=\/wp\/v2\/posts\/119073\/revisions"}],"wp:featuredmedia":[{"embeddable":true,"href":"https:\/\/theworldwidejournal.com\/index.php?rest_route=\/wp\/v2\/media\/119074"}],"wp:attachment":[{"href":"https:\/\/theworldwidejournal.com\/index.php?rest_route=%2Fwp%2Fv2%2Fmedia&parent=119073"}],"wp:term":[{"taxonomy":"category","embeddable":true,"href":"https:\/\/theworldwidejournal.com\/index.php?rest_route=%2Fwp%2Fv2%2Fcategories&post=119073"},{"taxonomy":"post_tag","embeddable":true,"href":"https:\/\/theworldwidejournal.com\/index.php?rest_route=%2Fwp%2Fv2%2Ftags&post=119073"}],"curies":[{"name":"wp","href":"https:\/\/api.w.org\/{rel}","templated":true}]}}