{"id":119079,"date":"2019-11-14T19:58:31","date_gmt":"2019-11-14T18:58:31","guid":{"rendered":"https:\/\/theworldwidejournal.com\/2019\/11\/14\/iglesias-presume-de-su-preacuerdo-con-el-psoe-recordad-que-el-cielo-se-toma-con-perseverancia\/"},"modified":"2019-11-14T19:58:31","modified_gmt":"2019-11-14T18:58:31","slug":"iglesias-presume-de-su-preacuerdo-con-el-psoe-recordad-que-el-cielo-se-toma-con-perseverancia","status":"publish","type":"post","link":"https:\/\/theworldwidejournal.com\/?p=119079","title":{"rendered":"Iglesias presume de su preacuerdo con el PSOE: \u00abRecordad que el cielo se toma con perseverancia\u00bb"},"content":{"rendered":"<p>El l\u00edder de Unidas Podemos Pablo Iglesias ha enviado una carta a la militancia para agradecer el apoyo recibido en las elecciones y sacar pecho por el preacuerdo de Gobierno de coalici\u00f3n que ha rubricado con el PSOE. Los inscritos a Podemos tendr\u00e1n que aprobar ese pacto en una consulta que todav\u00eda no tiene fecha. Tampoco se conoce a\u00fan cu\u00e1l ser\u00e1 la formula que Unidas Podemos utilice para plantear la pregunta. As\u00ed, ser\u00e1n los 517.500 inscritos de Podemos quienes tengan la \u00faltima palabra sobre el desbloqueo de la gobernabilidad, aunque se espera que el resultado sea favorable a la posici\u00f3n de la directiva del partido. En la misiva, Iglesias advierte que al entrar en un Ejecutivo con el PSOE la formaci\u00f3n tenga que \u00abceder en muchas cosas\u00bb. A\u00fan as\u00ed, recupera una de las consignas m\u00e1s habituales en la formaci\u00f3n: la idea de asaltar el cielo. \u00abRecordad que el cielo se toma con perseverancia\u00bb, ha escrito en su carta. La carta de Pablo Iglesias \u00abCompa\u00f1eras, compa\u00f1eros: Hace algunos a\u00f1os, los que siempre han mandado en Espa\u00f1a nos dijeron con arrogancia que si quer\u00edamos cambiar las cosas, dej\u00e1ramos de protestar, mont\u00e1ramos un partido y nos present\u00e1ramos a las elecciones. Hoy, tan solo cinco a\u00f1os despu\u00e9s de crear esta herramienta que es Podemos, vamos a poder empezar a cumplir el objetivo con el que nacimos: mejorar la vida de la gente desde el Gobierno de nuestro pa\u00eds. En estos momentos, en los que la esperanza late en los corazones de millones de personas progresistas en Espa\u00f1a, quiero dirigir estas l\u00edneas a toda la militancia de Podemos, con un objetivo muy sencillo: daros las gracias. Durante estos d\u00edas escuchar\u00e9is a muchos opinadores atribuir las causas del acuerdo que hemos alcanzado con el PSOE para formar el primer Gobierno de coalici\u00f3n de nuestra democracia a la astucia de tal dirigente o al talento de tal asesor. Nada m\u00e1s lejos de la realidad. Este acuerdo ha sido posible gracias a vosotros y a vosotras, al esfuerzo cotidiano de miles de personas an\u00f3nimas que nunca bajasteis los brazos y que hab\u00e9is seguido empujando, frente a las enormes resistencias de quienes trabajan para que nada cambie, con el fin de lograr un Gobierno que defienda a la gente. S\u00e9 que os hab\u00e9is reunido semana tras semana durante a\u00f1os, con pocos recursos, contra viento y marea. S\u00e9 que hab\u00e9is aguantado muchos golpes y muchas decepciones, que hab\u00e9is pasado por momentos muy dif\u00edciles, que os hab\u00e9is partido la cara en vuestros centros de trabajo, en vuestros grupos de amigos, en vuestras familias, para defender a Podemos. Hoy siento un inmenso orgullo al poder deciros que todo ese esfuerzo que hab\u00e9is hecho ha merecido la pena. Porque nunca es el talento de unos cuantos, sino la perseverancia de los de abajo, el motor que hace avanzar la historia. Ahora vendr\u00e1n nuevos y grandes desaf\u00edos. Tenemos por delante la tarea hist\u00f3rica e ilusionante de participar en un Gobierno que equilibre la balanza en favor de la mayor\u00eda. Y, al mismo tiempo, tenemos tambi\u00e9n por delante la tarea de fortalecer nuestra organizaci\u00f3n y nuestros c\u00edrculos. Hoy, m\u00e1s que nunca, es necesario echar ra\u00edces y construir una herramienta fuerte y s\u00f3lida, que est\u00e9 presente en cada barrio y en cada pueblo, que sea capaz de doblar el brazo a los poderosos y de producir transformaciones profundas que hagan avanzar a nuestro pa\u00eds hacia la justicia social, la mejor vacuna frente a quienes pretenden enfrentar al pen\u00faltimo contra el \u00faltimo para que sigan ganando los de siempre. Ninguna de estas tareas ser\u00e1 f\u00e1cil. Los partidos de la derecha y los brazos medi\u00e1ticos del poder econ\u00f3mico van a golpearnos muy duro a cada paso que demos, por peque\u00f1o que sea. Vamos a gobernar en minor\u00eda dentro de un Ejecutivo compartido con el PSOE, en el que nos encontraremos muchos l\u00edmites y contradicciones, y en el que tendremos que ceder en muchas cosas. Y, de nuevo, habr\u00e1 quienes inviertan muchos millones de euros y muchas horas de televisi\u00f3n en tratar de desmoralizarnos, de frustrarnos y de convencernos de que no se puede. Pero a partir de ahora, cada vez que os digan que no se puede, compa\u00f1eras y compa\u00f1eros, recordad estos momentos. Recordad que los avances que m\u00e1s merecen la pena no se consiguen a la primera. Recordad que el cielo se toma con perseverancia. Recordad que cuando la gente de Podemos se mueve y empuja, claro que se puede\u00bb.<br \/>\nVia: <a href=\"https:\/\/www.abc.es\/espana\/abci-iglesias-presume-preacuerdo-psoe-recordad-cielo-toma-perseverancia-201911141958_noticia.html\" target=\"_blank\">Iglesias presume de su preacuerdo con el PSOE: \u00abRecordad que el cielo se toma con perseverancia\u00bb<\/a><\/p>\n","protected":false},"excerpt":{"rendered":"<p>El l\u00edder de Unidas Podemos Pablo Iglesias ha enviado una carta a la militancia para agradecer el apoyo recibido en las elecciones y sacar pecho por el preacuerdo de Gobierno de coalici\u00f3n que ha rubricado con el PSOE. Los inscritos a Podemos tendr\u00e1n que aprobar ese pacto en una consulta [&hellip;]<\/p>\n","protected":false},"author":2,"featured_media":119080,"comment_status":"open","ping_status":"closed","sticky":false,"template":"","format":"standard","meta":{"footnotes":""},"categories":[6],"tags":[],"class_list":["post-119079","post","type-post","status-publish","format-standard","has-post-thumbnail","hentry","category-spanish"],"_links":{"self":[{"href":"https:\/\/theworldwidejournal.com\/index.php?rest_route=\/wp\/v2\/posts\/119079","targetHints":{"allow":["GET"]}}],"collection":[{"href":"https:\/\/theworldwidejournal.com\/index.php?rest_route=\/wp\/v2\/posts"}],"about":[{"href":"https:\/\/theworldwidejournal.com\/index.php?rest_route=\/wp\/v2\/types\/post"}],"author":[{"embeddable":true,"href":"https:\/\/theworldwidejournal.com\/index.php?rest_route=\/wp\/v2\/users\/2"}],"replies":[{"embeddable":true,"href":"https:\/\/theworldwidejournal.com\/index.php?rest_route=%2Fwp%2Fv2%2Fcomments&post=119079"}],"version-history":[{"count":0,"href":"https:\/\/theworldwidejournal.com\/index.php?rest_route=\/wp\/v2\/posts\/119079\/revisions"}],"wp:featuredmedia":[{"embeddable":true,"href":"https:\/\/theworldwidejournal.com\/index.php?rest_route=\/wp\/v2\/media\/119080"}],"wp:attachment":[{"href":"https:\/\/theworldwidejournal.com\/index.php?rest_route=%2Fwp%2Fv2%2Fmedia&parent=119079"}],"wp:term":[{"taxonomy":"category","embeddable":true,"href":"https:\/\/theworldwidejournal.com\/index.php?rest_route=%2Fwp%2Fv2%2Fcategories&post=119079"},{"taxonomy":"post_tag","embeddable":true,"href":"https:\/\/theworldwidejournal.com\/index.php?rest_route=%2Fwp%2Fv2%2Ftags&post=119079"}],"curies":[{"name":"wp","href":"https:\/\/api.w.org\/{rel}","templated":true}]}}