{"id":119081,"date":"2019-11-14T19:17:07","date_gmt":"2019-11-14T18:17:07","guid":{"rendered":"https:\/\/theworldwidejournal.com\/2019\/11\/14\/crimen-del-tapicero-el-historial-delictivo-delato-al-asesino\/"},"modified":"2019-11-14T19:17:07","modified_gmt":"2019-11-14T18:17:07","slug":"crimen-del-tapicero-el-historial-delictivo-delato-al-asesino","status":"publish","type":"post","link":"https:\/\/theworldwidejournal.com\/?p=119081","title":{"rendered":"Crimen del tapicero: el historial delictivo delat\u00f3 al asesino"},"content":{"rendered":"<p>Puro trabajo de orfebrer\u00eda policial. Esa ha sido la clave principal para esclarecer uno de los cr\u00edmenes m\u00e1s absurdos de los \u00faltimos meses. La muerte, a manos de un ladronzuelo muy peligroso, de un tapicero en su establecimiento del distrito de Latina. Y todo, por un pu\u00f1ado de euros. Su largo historial delictivo ha sido la pieza fundamental para dar con su identificaci\u00f3n y posterior detenci\u00f3n, pr\u00e1cticamente en un tiempo r\u00e9cord, informan fuentes de la investigaci\u00f3n, que destacan el car\u00e1cter \u00abdegenerado\u00bb de Daniel S. S., espa\u00f1ol de 45 a\u00f1os. La ma\u00f1ana del lunes 4 de noviembre, a las 10, Fernando L\u00f3pez, de 62, abr\u00eda como en la \u00faltima d\u00e9cada su tienda de decoraci\u00f3n y tapicer\u00eda del n\u00famero 122 del paseo de Extremadura. Era un comienzo de semana normal, tras haber pasado el descanso con su familia. Era padre y abuelo y luc\u00eda con orgullo su anillo de casado. Nada hac\u00eda esperar que sobre una hora despu\u00e9s (la autopsia se\u00f1al\u00f3 que le dieron muerte a eso de las once, cuando el cad\u00e1ver fue hallado a mediod\u00eda), Emilio, supuestamente, le har\u00eda frente en el local. Le dio cuatro golpes en la cabeza con un objeto contundente y le clav\u00f3 siete veces unas tijeras en la espalda. Le quit\u00f3 la cartera, en la que apenas hab\u00eda unos euros, y huy\u00f3 del lugar. La tienda no ten\u00eda c\u00e1maras de videovigilancia. La Polic\u00eda pein\u00f3 el resto de establecimientos de la zona, en busca de posibles im\u00e1genes. Adem\u00e1s, consult\u00f3 en la sucursal bancaria de enfrente, de la que era cliente Fernando, y confirmaron que no hab\u00eda sacado una suma considerable de dinero, de ah\u00ed que el bot\u00edn fuese exiguo. En esas primeras horas posteriores al suceso, los investigadores del Grupo VI de Homicidios no ten\u00edan claro el m\u00f3vil del robo, aunque no se cerraban a ninguna hip\u00f3tesis, como adelant\u00f3 ABC: la puerta no estaba forzada, no hab\u00edan reventado la caja registradora ni tampoco hab\u00eda nada revuelto en la escena del crimen. Se descarta la venganza Se investigaron posibles enemigos de Fernando. Pero los agentes encontraron todo lo contrario: se trataba de un hombre ejemplar para el que nadie en el barrio ni en su entorno m\u00e1s pr\u00f3ximo ten\u00eda quejas. El m\u00f3vil de la venganza, el segundo en la lista, iba quedando descartado. Aqu\u00ed es donde la colaboraci\u00f3n de los zetas que patrullan Latina y de la comisar\u00eda del distrito se torn\u00f3 fundamental. Porque ellos conocen al dedillo a los delincuentes del barrio y fueron poniendo sobre la mesa posibles sospechosos hasta que Homicidios dio con Emilio: ten\u00eda m\u00faltiples antecedentes por robo con violencia, con fuerza, tenencia il\u00edcita de armas, lesiones y violencia de g\u00e9nero. Hasta el punto de que el a\u00f1o pasado fue detenido tras agredir a varias personas despu\u00e9s de que estas le recriminaran su conducci\u00f3n temeraria por la que casi se lleva por delante a una mujer y su hija. En otra ocasi\u00f3n l leg\u00f3 a casa con una garrafa de gasolina y amenaz\u00f3 con quemar a su pareja. Los agentes vigilaron el entorno de su domicilio, en la zona de la calle del Olivillo, a apenas cinco minutos a pie de la tapicer\u00eda de Fernando. En la \u00abtroncha\u00bb, cuando sal\u00eda de su domicilio, fue atrapado. Llevaba en el bolsillo un objeto de la v\u00edctima, y as\u00ed consiguieron la orden judicial. En el interior de su vivienda, durante el registro, hallaron la cartera de Fernando, con su documentaci\u00f3n, y ropa del sospechoso ensangrentada. El an\u00e1lisis demostr\u00f3 que se trataban de restos del comerciante. Fue llevado a dependencias policiales, donde se neg\u00f3 a declarar. Tras ser puesto a disposici\u00f3n judicial, ingres\u00f3 en prisi\u00f3n el domingo pasado, seis d\u00edas despu\u00e9s del asesinato. Ya hab\u00eda estado antes entre rejas. Asalto a navajazos en un bar Adem\u00e1s, como inform\u00f3 este peri\u00f3dico, se investiga si Emilio pudiera estar tambi\u00e9n involucrado en el violento asalto, tres d\u00edas antes del suceso en la tapicer\u00eda, a la due\u00f1a de un bar muy cercano cuando se dispon\u00eda a abrir. La mujer, de 64 a\u00f1os, estaba fregando un hombre, vestido de negro, con guantes y el rostro tapado (como se sospecha que iba el d\u00eda del crimen), llam\u00f3 a la puerta: \u00abAbr\u00ed pensando que necesitaba algo y, de repente, me dijo \u201cdame todo el dinero, hija de puta, o te mato\u201d\u00bb. Su primera reacci\u00f3n fue gritar \u00absocorro\u00bb, lo que motiv\u00f3 que el asaltante le propinara un fuerte pu\u00f1etazo en la cara que le hizo caer al suelo. Presa del miedo, la mujer entr\u00f3 por debajo de la barra para entregarle una bolsa con alrededor de 600 euros: \u00abSe la di y mientras \u00e9l miraba su contenido, intent\u00e9 escaparme por el mismo hueco por el que hab\u00eda pasado\u00bb. Su intento de huida, no obstante, qued\u00f3 frustrado al ser agarrada por el brazo. \u00abMe cogi\u00f3 y me volvi\u00f3 a tirar al suelo\u00bb, relat\u00f3 a la v\u00edctima a ABC, que recibi\u00f3 entonces una pu\u00f1alada en el brazo izquierdo con una peque\u00f1a navaja que portaba el individuo, adem\u00e1s de una patada. Malherida y sangrando abundantemente, la hostelera fue obligada a encerrarse en el ba\u00f1o.<br \/>\nVia: <a href=\"https:\/\/www.abc.es\/espana\/madrid\/abci-crimen-tapicero-historial-delictivo-delato-asesino-201911141917_noticia.html\" target=\"_blank\">Crimen del tapicero: el historial delictivo delat\u00f3 al asesino<\/a><\/p>\n","protected":false},"excerpt":{"rendered":"<p>Puro trabajo de orfebrer\u00eda policial. Esa ha sido la clave principal para esclarecer uno de los cr\u00edmenes m\u00e1s absurdos de los \u00faltimos meses. La muerte, a manos de un ladronzuelo muy peligroso, de un tapicero en su establecimiento del distrito de Latina. Y todo, por un pu\u00f1ado de euros. Su [&hellip;]<\/p>\n","protected":false},"author":2,"featured_media":119082,"comment_status":"open","ping_status":"closed","sticky":false,"template":"","format":"standard","meta":{"footnotes":""},"categories":[6],"tags":[],"class_list":["post-119081","post","type-post","status-publish","format-standard","has-post-thumbnail","hentry","category-spanish"],"_links":{"self":[{"href":"https:\/\/theworldwidejournal.com\/index.php?rest_route=\/wp\/v2\/posts\/119081","targetHints":{"allow":["GET"]}}],"collection":[{"href":"https:\/\/theworldwidejournal.com\/index.php?rest_route=\/wp\/v2\/posts"}],"about":[{"href":"https:\/\/theworldwidejournal.com\/index.php?rest_route=\/wp\/v2\/types\/post"}],"author":[{"embeddable":true,"href":"https:\/\/theworldwidejournal.com\/index.php?rest_route=\/wp\/v2\/users\/2"}],"replies":[{"embeddable":true,"href":"https:\/\/theworldwidejournal.com\/index.php?rest_route=%2Fwp%2Fv2%2Fcomments&post=119081"}],"version-history":[{"count":0,"href":"https:\/\/theworldwidejournal.com\/index.php?rest_route=\/wp\/v2\/posts\/119081\/revisions"}],"wp:featuredmedia":[{"embeddable":true,"href":"https:\/\/theworldwidejournal.com\/index.php?rest_route=\/wp\/v2\/media\/119082"}],"wp:attachment":[{"href":"https:\/\/theworldwidejournal.com\/index.php?rest_route=%2Fwp%2Fv2%2Fmedia&parent=119081"}],"wp:term":[{"taxonomy":"category","embeddable":true,"href":"https:\/\/theworldwidejournal.com\/index.php?rest_route=%2Fwp%2Fv2%2Fcategories&post=119081"},{"taxonomy":"post_tag","embeddable":true,"href":"https:\/\/theworldwidejournal.com\/index.php?rest_route=%2Fwp%2Fv2%2Ftags&post=119081"}],"curies":[{"name":"wp","href":"https:\/\/api.w.org\/{rel}","templated":true}]}}