{"id":11921,"date":"2017-10-21T18:42:11","date_gmt":"2017-10-21T16:42:11","guid":{"rendered":"https:\/\/theworldwidejournal.com\/2017\/10\/21\/encuentran-en-muinos-el-cuerpo-de-una-mujer-desaparecida-desde-el-lunes\/"},"modified":"2017-10-21T18:42:11","modified_gmt":"2017-10-21T16:42:11","slug":"encuentran-en-muinos-el-cuerpo-de-una-mujer-desaparecida-desde-el-lunes","status":"publish","type":"post","link":"https:\/\/theworldwidejournal.com\/?p=11921","title":{"rendered":"Encuentran en Mu\u00ed\u00f1os el cuerpo de una mujer desaparecida desde el lunes"},"content":{"rendered":"<p>El cuerpo de una mujer portuguesa desaparecida desde el pasado lunes ha sido encontrado este viernes en una orilla del embalse de Salas, en el municipio ourensano de Mu\u00ed\u00f1os, en donde se buscaba. De ello han informado fuentes del GES de Mu\u00ed\u00f1os a Europa Press, que se\u00f1alan que el cuerpo fue hallado sobre las 18:00 horas por un familiar de esta mujer de 52 a\u00f1os vecina de la localidad fronteriza de Tourem (Portugal). Un amplio dispositivo con efectivos gallegos como el GES de Mu\u00ed\u00f1os y diversos cuerpos portugueses buscaban por la zona en los \u00faltimos d\u00edas a la mujer, que padec\u00eda una discapacidad, tras denunciarse su desaparici\u00f3n. As\u00ed, el cuerpo ha aparecido entre unas rocas en la orilla en una zona de pastos. Pasadas las 21:00 horas se estaba a la espera de la llegada de un forense de Portugal para el levantamiento del cad\u00e1ver.<br \/>\nVia: <a href=\"http:\/\/www.abc.es\/sociedad\/abci-encuentran-embalse-muinos-orense-cuerpo-mujer-desaparecida-desde-lunes-201710211642_noticia.html\" target=\"_blank\">Encuentran en Mu\u00ed\u00f1os el cuerpo de una mujer desaparecida desde el lunes<\/a><\/p>\n","protected":false},"excerpt":{"rendered":"<p>El cuerpo de una mujer portuguesa desaparecida desde el pasado lunes ha sido encontrado este viernes en una orilla del embalse de Salas, en el municipio ourensano de Mu\u00ed\u00f1os, en donde se buscaba. De ello han informado fuentes del GES de Mu\u00ed\u00f1os a Europa Press, que se\u00f1alan que el cuerpo [&hellip;]<\/p>\n","protected":false},"author":2,"featured_media":11922,"comment_status":"open","ping_status":"closed","sticky":false,"template":"","format":"standard","meta":{"footnotes":""},"categories":[6],"tags":[],"class_list":["post-11921","post","type-post","status-publish","format-standard","has-post-thumbnail","hentry","category-spanish"],"_links":{"self":[{"href":"https:\/\/theworldwidejournal.com\/index.php?rest_route=\/wp\/v2\/posts\/11921","targetHints":{"allow":["GET"]}}],"collection":[{"href":"https:\/\/theworldwidejournal.com\/index.php?rest_route=\/wp\/v2\/posts"}],"about":[{"href":"https:\/\/theworldwidejournal.com\/index.php?rest_route=\/wp\/v2\/types\/post"}],"author":[{"embeddable":true,"href":"https:\/\/theworldwidejournal.com\/index.php?rest_route=\/wp\/v2\/users\/2"}],"replies":[{"embeddable":true,"href":"https:\/\/theworldwidejournal.com\/index.php?rest_route=%2Fwp%2Fv2%2Fcomments&post=11921"}],"version-history":[{"count":0,"href":"https:\/\/theworldwidejournal.com\/index.php?rest_route=\/wp\/v2\/posts\/11921\/revisions"}],"wp:featuredmedia":[{"embeddable":true,"href":"https:\/\/theworldwidejournal.com\/index.php?rest_route=\/wp\/v2\/media\/11922"}],"wp:attachment":[{"href":"https:\/\/theworldwidejournal.com\/index.php?rest_route=%2Fwp%2Fv2%2Fmedia&parent=11921"}],"wp:term":[{"taxonomy":"category","embeddable":true,"href":"https:\/\/theworldwidejournal.com\/index.php?rest_route=%2Fwp%2Fv2%2Fcategories&post=11921"},{"taxonomy":"post_tag","embeddable":true,"href":"https:\/\/theworldwidejournal.com\/index.php?rest_route=%2Fwp%2Fv2%2Ftags&post=11921"}],"curies":[{"name":"wp","href":"https:\/\/api.w.org\/{rel}","templated":true}]}}