{"id":119210,"date":"2019-11-16T02:30:41","date_gmt":"2019-11-16T01:30:41","guid":{"rendered":"https:\/\/theworldwidejournal.com\/2019\/11\/16\/isabel-celaa-de-la-relacion-fluida-con-la-concertada-al-guino-a-podemos\/"},"modified":"2019-11-16T02:30:41","modified_gmt":"2019-11-16T01:30:41","slug":"isabel-celaa-de-la-relacion-fluida-con-la-concertada-al-guino-a-podemos","status":"publish","type":"post","link":"https:\/\/theworldwidejournal.com\/?p=119210","title":{"rendered":"Isabel Cela\u00e1, de la relaci\u00f3n &quot;fluida&quot; con la concertada al &#039;gui\u00f1o&#039; a Podemos"},"content":{"rendered":"<p>Durante su etapa al frente de la Consejer\u00eda de Educaci\u00f3n del Pa\u00eds Vasco, las relaciones de Isabel Cela\u00e1 con la concertada fueron &#8220;m\u00e1s que cordiales&#8221;, seg\u00fan recuerdan algunos de sus colaboradores&nbsp;Leer<br \/>\nVia: <a href=\"https:\/\/www.elmundo.es\/espana\/2019\/11\/16\/5dcf0a6321efa03f068b4765.html\" target=\"_blank\">Isabel Cela\u00e1, de la relaci\u00f3n &quot;fluida&quot; con la concertada al &#039;gui\u00f1o&#039; a Podemos<\/a><\/p>\n","protected":false},"excerpt":{"rendered":"<p>Durante su etapa al frente de la Consejer\u00eda de Educaci\u00f3n del Pa\u00eds Vasco, las relaciones de Isabel Cela\u00e1 con la concertada fueron &#8220;m\u00e1s que cordiales&#8221;, seg\u00fan recuerdan algunos de sus colaboradores&nbsp;Leer Via: Isabel Cela\u00e1, de la relaci\u00f3n &quot;fluida&quot; con la concertada al &#039;gui\u00f1o&#039; a Podemos<\/p>\n","protected":false},"author":2,"featured_media":0,"comment_status":"open","ping_status":"closed","sticky":false,"template":"","format":"standard","meta":{"footnotes":""},"categories":[6],"tags":[],"class_list":["post-119210","post","type-post","status-publish","format-standard","hentry","category-spanish"],"_links":{"self":[{"href":"https:\/\/theworldwidejournal.com\/index.php?rest_route=\/wp\/v2\/posts\/119210","targetHints":{"allow":["GET"]}}],"collection":[{"href":"https:\/\/theworldwidejournal.com\/index.php?rest_route=\/wp\/v2\/posts"}],"about":[{"href":"https:\/\/theworldwidejournal.com\/index.php?rest_route=\/wp\/v2\/types\/post"}],"author":[{"embeddable":true,"href":"https:\/\/theworldwidejournal.com\/index.php?rest_route=\/wp\/v2\/users\/2"}],"replies":[{"embeddable":true,"href":"https:\/\/theworldwidejournal.com\/index.php?rest_route=%2Fwp%2Fv2%2Fcomments&post=119210"}],"version-history":[{"count":0,"href":"https:\/\/theworldwidejournal.com\/index.php?rest_route=\/wp\/v2\/posts\/119210\/revisions"}],"wp:attachment":[{"href":"https:\/\/theworldwidejournal.com\/index.php?rest_route=%2Fwp%2Fv2%2Fmedia&parent=119210"}],"wp:term":[{"taxonomy":"category","embeddable":true,"href":"https:\/\/theworldwidejournal.com\/index.php?rest_route=%2Fwp%2Fv2%2Fcategories&post=119210"},{"taxonomy":"post_tag","embeddable":true,"href":"https:\/\/theworldwidejournal.com\/index.php?rest_route=%2Fwp%2Fv2%2Ftags&post=119210"}],"curies":[{"name":"wp","href":"https:\/\/api.w.org\/{rel}","templated":true}]}}