{"id":119293,"date":"2019-11-16T14:17:04","date_gmt":"2019-11-16T13:17:04","guid":{"rendered":"https:\/\/theworldwidejournal.com\/2019\/11\/16\/lamban-urge-a-sanchez-a-defender-a-los-cientos-de-miles-de-catalanes-no-independentistas\/"},"modified":"2019-11-16T14:17:04","modified_gmt":"2019-11-16T13:17:04","slug":"lamban-urge-a-sanchez-a-defender-a-los-cientos-de-miles-de-catalanes-no-independentistas","status":"publish","type":"post","link":"https:\/\/theworldwidejournal.com\/?p=119293","title":{"rendered":"Lamb\u00e1n urge a S\u00e1nchez a defender a \u00ablos cientos de miles de catalanes\u00bb no independentistas"},"content":{"rendered":"<p>El presidente de Arag\u00f3n y l\u00edder regional del PSOE, Javier Lamb\u00e1n, ha urgido a Pedro S\u00e1nchez a proteger a \u00ablos cientos de miles de catalanes\u00bb no independentistas, que han sido \u00abexcluidos del espacio p\u00fablico\u00bb por el secesionismo y por sus dirigentes instalados en la Generalitat. A juicio de Lamb\u00e1n, esos \u00abcientos de miles de catalanes\u00bb deben ser \u00abla primera preocupaci\u00f3n\u00bb del Gobierno de Espa\u00f1a y de su presidente ante la situaci\u00f3n que vive Catalu\u00f1a. Durante toda esta semana, Lamb\u00e1n ha preferido no pronunciarse abiertamente ante la posibilidad de que las fuerzas independentistas puedan ser decisivas para consumar el pacto suscrito entre Pedro S\u00e1nchez y Podemos para formar gobierno de coalici\u00f3n. A principios de semana, la ejecutiva regional del PSOE aragon\u00e9s se limit\u00f3 a mostrar su apoyo a los pasos que diera S\u00e1nchez para intentar formar gobierno. Y, tras hacerse p\u00fablico el pacto con Podemos, Lamb\u00e1n lo justific\u00f3 ante la necesidad de dotar a Espa\u00f1a de un Ejecutivo cuanto antes. Este s\u00e1bado, a preguntas de los periodistas tras asistir a la asamblea de la Federaci\u00f3n Aragonesa de Municipios, Comarcas y Provincias (FAMCP), Lamb\u00e1n ha subrayado que, en estos momentos, la prioridad del Gobierno de Espa\u00f1a en Catalu\u00f1a deben ser los \u00abcientos de miles de ciudadanos que est\u00e1n absolutamente excluidos del espacio p\u00fablico por unos gobernantes irresponsables, supremacistas, radicales independentistas que utilizan las instituciones para segregar a la poblaci\u00f3n entre los adictos y los no adictos\u00bb al secesionismo. \u00abLa primera preocupaci\u00f3n deben ser esos cientos de miles de ciudadanos, la preservaci\u00f3n de sus derechos\u00bb, ha remachado el presidente de Arag\u00f3n. Todo ello en un momento en el que el pacto suscrito entre S\u00e1nchez y el l\u00edder de Podemos, Pablo Iglesias, apuesta por el \u00abdi\u00e1logo\u00bb con el independentismo para normalizar la situaci\u00f3n pol\u00edtica y de orden p\u00fablico que vive Catallu\u00f1a. Javier Lamb\u00e1n se ha mostrado confiado en que Pedro S\u00e1nchez \u00abse atendr\u00e1 rigurosamente a la Constituci\u00f3n\u00bb y en que \u00abno habr\u00e1 acci\u00f3n de gobierno que no est\u00e9 inspirada por el esp\u00edritu y la letra\u00bb de la Carta Magna. Y ha destacado que \u00absi hay un elemento fundamental en la Constituci\u00f3n es la unidad de Espa\u00f1a, entendida como la igualdad de derechos de todos los espa\u00f1oles, vivan donde vivan\u00bb. Tambi\u00e9n se ha mostrado confiado en que Pedro S\u00e1nchez, como los socialistas en su conjunto, \u00abjam\u00e1s vamos a admitir\u00bb pactos que amparen \u00abprivilegios, tratos de favor o rupturas en el trato territorial\u00bb. Hace dos a\u00f1os, el l\u00edder de los socialistas aragoneses se cont\u00f3 entre los \u00abbarones\u00bb socialistas que cargaron contra S\u00e1nchez \u2013y forzaron su dimisi\u00f3n- por intentar gobernar con Podemos y nacionalistas. Pero hace tiempo que Lamb\u00e1n evita abrir nuevas confrontaciones con el secretario general del PSOE y, desde el pasado julio, gobierna en Arag\u00f3n al frente de un cuatripartito con Podemos, los nacionalistas de izquierdas de la Chunta y los liberal-regionalistas del PAR.<br \/>\nVia: <a href=\"https:\/\/www.abc.es\/espana\/aragon\/abci-lamban-urge-sanchez-defender-cientos-miles-catalanes-no-independentistas-201911161417_noticia.html\" target=\"_blank\">Lamb\u00e1n urge a S\u00e1nchez a defender a \u00ablos cientos de miles de catalanes\u00bb no independentistas<\/a><\/p>\n","protected":false},"excerpt":{"rendered":"<p>El presidente de Arag\u00f3n y l\u00edder regional del PSOE, Javier Lamb\u00e1n, ha urgido a Pedro S\u00e1nchez a proteger a \u00ablos cientos de miles de catalanes\u00bb no independentistas, que han sido \u00abexcluidos del espacio p\u00fablico\u00bb por el secesionismo y por sus dirigentes instalados en la Generalitat. A juicio de Lamb\u00e1n, esos [&hellip;]<\/p>\n","protected":false},"author":2,"featured_media":119294,"comment_status":"open","ping_status":"closed","sticky":false,"template":"","format":"standard","meta":{"footnotes":""},"categories":[6],"tags":[],"class_list":["post-119293","post","type-post","status-publish","format-standard","has-post-thumbnail","hentry","category-spanish"],"_links":{"self":[{"href":"https:\/\/theworldwidejournal.com\/index.php?rest_route=\/wp\/v2\/posts\/119293","targetHints":{"allow":["GET"]}}],"collection":[{"href":"https:\/\/theworldwidejournal.com\/index.php?rest_route=\/wp\/v2\/posts"}],"about":[{"href":"https:\/\/theworldwidejournal.com\/index.php?rest_route=\/wp\/v2\/types\/post"}],"author":[{"embeddable":true,"href":"https:\/\/theworldwidejournal.com\/index.php?rest_route=\/wp\/v2\/users\/2"}],"replies":[{"embeddable":true,"href":"https:\/\/theworldwidejournal.com\/index.php?rest_route=%2Fwp%2Fv2%2Fcomments&post=119293"}],"version-history":[{"count":0,"href":"https:\/\/theworldwidejournal.com\/index.php?rest_route=\/wp\/v2\/posts\/119293\/revisions"}],"wp:featuredmedia":[{"embeddable":true,"href":"https:\/\/theworldwidejournal.com\/index.php?rest_route=\/wp\/v2\/media\/119294"}],"wp:attachment":[{"href":"https:\/\/theworldwidejournal.com\/index.php?rest_route=%2Fwp%2Fv2%2Fmedia&parent=119293"}],"wp:term":[{"taxonomy":"category","embeddable":true,"href":"https:\/\/theworldwidejournal.com\/index.php?rest_route=%2Fwp%2Fv2%2Fcategories&post=119293"},{"taxonomy":"post_tag","embeddable":true,"href":"https:\/\/theworldwidejournal.com\/index.php?rest_route=%2Fwp%2Fv2%2Ftags&post=119293"}],"curies":[{"name":"wp","href":"https:\/\/api.w.org\/{rel}","templated":true}]}}