{"id":119368,"date":"2019-11-16T18:59:04","date_gmt":"2019-11-16T17:59:04","guid":{"rendered":"https:\/\/theworldwidejournal.com\/2019\/11\/16\/ana-obregon-estalla-contra-masterchef-celebrity-me-amenazaron-con-denunciarme\/"},"modified":"2019-11-16T18:59:04","modified_gmt":"2019-11-16T17:59:04","slug":"ana-obregon-estalla-contra-masterchef-celebrity-me-amenazaron-con-denunciarme","status":"publish","type":"post","link":"https:\/\/theworldwidejournal.com\/?p=119368","title":{"rendered":"Ana Obreg\u00f3n estalla contra \u00abMasterChef Celebrity\u00bb: \u00abMe amenazaron con denunciarme\u00bb"},"content":{"rendered":"<p>Ana Obreg\u00f3n ha sido una de las concursantes m\u00e1s esperadas al comienzo de la nueva temporada de \u00abMasterChef Celebrity\u00bb. Su participaci\u00f3n fue muy comentada tanto antes de la emisi\u00f3n de los episodios como, sobre todo, despu\u00e9s. La actriz, presentadora y bi\u00f3loga se convirti\u00f3 en la primera expulsada de la edici\u00f3n, posteriormente repescada y, de nuevo, eliminada. MasterChef Celebrity Actualmente, Ana Obreg\u00f3n no ha querido conceder apenas entrevistas y verla hablando de su participaci\u00f3n en el programa ha sido imposible. Ahora, ha querido romper su silencio y pronunciarse sobre el concurso. Adem\u00e1s, ha reconocido que nunca hab\u00eda visto este talent culinario, y que ahora tampoco lo hace. \u00abNo lo hab\u00eda visto nunca y menos cuando lo he hecho. Yo luchar por fre\u00edr mejor la croqueta como que no\u00bb, confes\u00f3 a El Espa\u00f1ol. Pero es que, para ella, lo m\u00e1s importante ahora mismo no pasa por las cocinas. \u00abYo lucho por que mi hijo se cure del c\u00e1ncer\u00bb, asegur\u00f3. Pero a pesar de no ser seguidora del formato, a Ana Obreg\u00f3n le llegan ecos de lo que sucede en las cocinas de Televisi\u00f3n Espa\u00f1ola. \u00abTodo el mundo me escribe por Instagram y me dicen que se han ensa\u00f1ado conmigo, pero cuando se ensa\u00f1an con una madre que lo est\u00e1 pasando tan mal, quienes quedan mal son ellos&#8230; Yo siempre ser\u00e9 una se\u00f1ora\u00bb, dijo en la entrevista. Las pruebas individuales, el trabajo en grupo y la lucha por la permanencia son las claves de \u00abMasterChef Celebrity\u00bb, un formato en el que la tensi\u00f3n en los aspirantes es m\u00e1xima. Es habitual ver l\u00e1grimas y llantos, tanto para dejar salir la ansiedad acumulada como de rabia al ver los resultados despu\u00e9s de tanto esfuerzo. Muchos exaspirantes reconocen que la experiencia es maravillosa, y que estos son los momentos m\u00e1s duros. Sin embargo, para Ana Obreg\u00f3n no tiene nada que ver. Tal y como declara a la publicaci\u00f3n, su momento m\u00e1s duro \u00abno lo pensaba contar\u00bb, pero ha querido sincerarse. \u00abCuando mi hijo estaba hospitalizado, ingresado, ten\u00eda que haber estado en Vitroia, en el FesTVal, pero no pude, como es l\u00f3gico\u00bb, empez\u00f3 diciendo. \u00abYo no quer\u00eda decir lo que era porque la salud de mi hijo es un tema privado\u00bb, continu\u00f3. Ante esta tesitura, decidi\u00f3 decirle a la organizaci\u00f3n de \u00abMasterChef Celebrity\u00bb \u00abque no pod\u00eda ir, porque por contrato no estaba obligada. No ten\u00eda que especificar. Era un momento muy duro\u00bb. Sin embargo, lo que Obreg\u00f3n no se esperaba era que el programa intentara tomar medidas legales contra ella. \u00abRecib\u00ed un burofax amenazando con denunciarme si no iba a Vitoria\u00bb, revel\u00f3. A pesar de este gesto, la actriz dice no estar \u00abenfadada con ellos porque no tengo fuerzas. La poca energ\u00eda que tengo es para apoyar a mi hijo. S\u00e9 por lo que me dicen mis amigos que han sido crueles conmigo. Peor para ellos\u00bb.<br \/>\nVia: <a href=\"https:\/\/www.abc.es\/play\/television\/noticias\/abci-obregon-estalla-contra-masterchef-celebrity-amenazaron-denunciarme-201911161859_noticia.html\" target=\"_blank\">Ana Obreg\u00f3n estalla contra \u00abMasterChef Celebrity\u00bb: \u00abMe amenazaron con denunciarme\u00bb<\/a><\/p>\n","protected":false},"excerpt":{"rendered":"<p>Ana Obreg\u00f3n ha sido una de las concursantes m\u00e1s esperadas al comienzo de la nueva temporada de \u00abMasterChef Celebrity\u00bb. Su participaci\u00f3n fue muy comentada tanto antes de la emisi\u00f3n de los episodios como, sobre todo, despu\u00e9s. La actriz, presentadora y bi\u00f3loga se convirti\u00f3 en la primera expulsada de la edici\u00f3n, [&hellip;]<\/p>\n","protected":false},"author":2,"featured_media":119369,"comment_status":"open","ping_status":"closed","sticky":false,"template":"","format":"standard","meta":{"footnotes":""},"categories":[6],"tags":[],"class_list":["post-119368","post","type-post","status-publish","format-standard","has-post-thumbnail","hentry","category-spanish"],"_links":{"self":[{"href":"https:\/\/theworldwidejournal.com\/index.php?rest_route=\/wp\/v2\/posts\/119368","targetHints":{"allow":["GET"]}}],"collection":[{"href":"https:\/\/theworldwidejournal.com\/index.php?rest_route=\/wp\/v2\/posts"}],"about":[{"href":"https:\/\/theworldwidejournal.com\/index.php?rest_route=\/wp\/v2\/types\/post"}],"author":[{"embeddable":true,"href":"https:\/\/theworldwidejournal.com\/index.php?rest_route=\/wp\/v2\/users\/2"}],"replies":[{"embeddable":true,"href":"https:\/\/theworldwidejournal.com\/index.php?rest_route=%2Fwp%2Fv2%2Fcomments&post=119368"}],"version-history":[{"count":0,"href":"https:\/\/theworldwidejournal.com\/index.php?rest_route=\/wp\/v2\/posts\/119368\/revisions"}],"wp:featuredmedia":[{"embeddable":true,"href":"https:\/\/theworldwidejournal.com\/index.php?rest_route=\/wp\/v2\/media\/119369"}],"wp:attachment":[{"href":"https:\/\/theworldwidejournal.com\/index.php?rest_route=%2Fwp%2Fv2%2Fmedia&parent=119368"}],"wp:term":[{"taxonomy":"category","embeddable":true,"href":"https:\/\/theworldwidejournal.com\/index.php?rest_route=%2Fwp%2Fv2%2Fcategories&post=119368"},{"taxonomy":"post_tag","embeddable":true,"href":"https:\/\/theworldwidejournal.com\/index.php?rest_route=%2Fwp%2Fv2%2Ftags&post=119368"}],"curies":[{"name":"wp","href":"https:\/\/api.w.org\/{rel}","templated":true}]}}