{"id":119436,"date":"2019-11-17T11:27:04","date_gmt":"2019-11-17T10:27:04","guid":{"rendered":"https:\/\/theworldwidejournal.com\/2019\/11\/17\/torra-exige-a-sanchez-recuperar-el-relator-si-quiere-que-el-independentismo-cambie-su-no-en-la-investidura\/"},"modified":"2019-11-17T11:27:04","modified_gmt":"2019-11-17T10:27:04","slug":"torra-exige-a-sanchez-recuperar-el-relator-si-quiere-que-el-independentismo-cambie-su-no-en-la-investidura","status":"publish","type":"post","link":"https:\/\/theworldwidejournal.com\/?p=119436","title":{"rendered":"Torra exige a S\u00e1nchez recuperar \u00abel relator\u00bb si quiere que el independentismo cambie su \u00abno\u00bb en la investidura"},"content":{"rendered":"<p>El presidente de la Generalitat de Catalu\u00f1a, Quim Torra, ha defendido este domingo volver a dialogar con el Gobierno de Espa\u00f1a sin condiciones y \u00abde t\u00fa a t\u00fa, hablando de todo\u00bb, para lo que ha apostado por \u00abrecuperar aquella figura del mediador, del relator, llam\u00e9mosle como queramos\u00bb. En una entrevista que publica hoy el diario Ara, Torra ha informado de que llam\u00f3 al presidente del Gobierno en funciones, Pedro S\u00e1nchez, el pasado lunes, tras las elecciones, y que no le cogi\u00f3 el tel\u00e9fono: \u00abHan pasado cinco d\u00edas, no me ha llamado\u00bb. Aun as\u00ed, las condiciones para iniciar el di\u00e1logo, seg\u00fan ha dicho el presidente auton\u00f3mico catal\u00e1n, son que \u00abno haya condiciones y que el gobierno de Catalu\u00f1a se siente con el Gobierno de Espa\u00f1a, de t\u00fa a t\u00fa, hablando de todo\u00bb. Y ha a\u00f1adido: \u00abEsto lo hacemos, esta vez s\u00ed, con unas condiciones de formalidad, por lo que hemos de recuperar aquella figura del mediador, del relator, llam\u00e9mosle como queramos, que ha de ayudar a vestir un proceso de negociaci\u00f3n serio y cre\u00edble\u00bb. Elogios para Asens y Pisarello El presidente de la Generalitat se ha mostrado confiado en que \u00abamigos como Jaume Asens o Gerardo Pisarello, que han ido siempre a las manifestaciones en favor de los presos pol\u00edticos y han estado siempre al lado del derecho de autodeterminaci\u00f3n de Catalu\u00f1a, no renunciar\u00e1n a sus principios y que, por tanto, ciertamente aqu\u00ed puede haber un cambio\u00bb pol\u00edtico en la cuesti\u00f3n catalana. Tanto Asens como Pisarello forman parte de los comunes en el Congreso, y Asens, por ejemplo, ha sonado en las quinielas como posible ministro del Gobierno de PSOE-UP. Preguntado por si la investidura de S\u00e1nchez dependiera de los votos de su partido -Junts per Catalunya- y si estar\u00eda dispuesto a votar no e ir a unas terceras elecciones, Torra ha contestado que \u00abes evidente que s\u00ed. Nosotros ya votamos no al se\u00f1or S\u00e1nchez y no votaremos nunca a cambio de nada. En absoluto. Ni daremos m\u00e1s cheques en blanco\u00bb. Sobre las protestas, la mayor\u00eda violentas, que se han producido en Catalu\u00f1a tras conocerse la sentencia del proc\u00e9s, Torra ha celebrado \u00abque la ciudadan\u00eda se haya empoderado y haya salido a la calle masiva y pac\u00edficamente\u00bb.<br \/>\nVia: <a href=\"https:\/\/www.abc.es\/espana\/catalunya\/politica\/abci-torra-exige-sanchez-recuperar-relator-para-independentismo-cambie-voto-y-permita-gobernar-201911171127_noticia.html\" target=\"_blank\">Torra exige a S\u00e1nchez recuperar \u00abel relator\u00bb si quiere que el independentismo cambie su \u00abno\u00bb en la investidura<\/a><\/p>\n","protected":false},"excerpt":{"rendered":"<p>El presidente de la Generalitat de Catalu\u00f1a, Quim Torra, ha defendido este domingo volver a dialogar con el Gobierno de Espa\u00f1a sin condiciones y \u00abde t\u00fa a t\u00fa, hablando de todo\u00bb, para lo que ha apostado por \u00abrecuperar aquella figura del mediador, del relator, llam\u00e9mosle como queramos\u00bb. En una entrevista [&hellip;]<\/p>\n","protected":false},"author":2,"featured_media":119437,"comment_status":"open","ping_status":"closed","sticky":false,"template":"","format":"standard","meta":{"footnotes":""},"categories":[6],"tags":[],"class_list":["post-119436","post","type-post","status-publish","format-standard","has-post-thumbnail","hentry","category-spanish"],"_links":{"self":[{"href":"https:\/\/theworldwidejournal.com\/index.php?rest_route=\/wp\/v2\/posts\/119436","targetHints":{"allow":["GET"]}}],"collection":[{"href":"https:\/\/theworldwidejournal.com\/index.php?rest_route=\/wp\/v2\/posts"}],"about":[{"href":"https:\/\/theworldwidejournal.com\/index.php?rest_route=\/wp\/v2\/types\/post"}],"author":[{"embeddable":true,"href":"https:\/\/theworldwidejournal.com\/index.php?rest_route=\/wp\/v2\/users\/2"}],"replies":[{"embeddable":true,"href":"https:\/\/theworldwidejournal.com\/index.php?rest_route=%2Fwp%2Fv2%2Fcomments&post=119436"}],"version-history":[{"count":0,"href":"https:\/\/theworldwidejournal.com\/index.php?rest_route=\/wp\/v2\/posts\/119436\/revisions"}],"wp:featuredmedia":[{"embeddable":true,"href":"https:\/\/theworldwidejournal.com\/index.php?rest_route=\/wp\/v2\/media\/119437"}],"wp:attachment":[{"href":"https:\/\/theworldwidejournal.com\/index.php?rest_route=%2Fwp%2Fv2%2Fmedia&parent=119436"}],"wp:term":[{"taxonomy":"category","embeddable":true,"href":"https:\/\/theworldwidejournal.com\/index.php?rest_route=%2Fwp%2Fv2%2Fcategories&post=119436"},{"taxonomy":"post_tag","embeddable":true,"href":"https:\/\/theworldwidejournal.com\/index.php?rest_route=%2Fwp%2Fv2%2Ftags&post=119436"}],"curies":[{"name":"wp","href":"https:\/\/api.w.org\/{rel}","templated":true}]}}