{"id":119507,"date":"2019-11-17T20:19:42","date_gmt":"2019-11-17T19:19:42","guid":{"rendered":"https:\/\/theworldwidejournal.com\/2019\/11\/17\/abortan-un-enfrentamiento-entre-ultras-de-izquierda-y-neonazis-junto-al-centro-de-menas-de-hortaleza\/"},"modified":"2019-11-17T20:19:42","modified_gmt":"2019-11-17T19:19:42","slug":"abortan-un-enfrentamiento-entre-ultras-de-izquierda-y-neonazis-junto-al-centro-de-menas-de-hortaleza","status":"publish","type":"post","link":"https:\/\/theworldwidejournal.com\/?p=119507","title":{"rendered":"Abortan un enfrentamiento entre ultras de izquierda y neonazis junto al centro de menas de Hortaleza"},"content":{"rendered":"<p>Ma\u00f1ana complicada la que se ha vivido este domingo en torno al centro de Primera Acogida de Hortaleza (Valdetorres de Jarama, 1). Cerca de un centenar de personas, convocadas por la plataforma Hortaleza Act\u00faa (creada \u00abex profeso\u00bb por los neonazis de Hogar Social), se han concentrado a las puertas de la residencia bajo el lema \u00abFuera delincuentes de nuestros barrios\u00bb. Rodeados de una fuerte presencia policial, residentes del barrio e integrantes del grupo ultraderechista han exigido soluciones al Gobierno regional para poner fin a \u00ablos problemas de inseguridad generados por algunos de los internos\u00bb. Una controvertida protesta sin apenas calado entre el vecindario que, de no ser por la intervenci\u00f3n de la Polic\u00eda, ha podido derivar en un multitudinario enfrentamiento. Alrededor de treinta personas, afines a la extrema izquierda, han sido retenidas cuando se encontraban a solo cien metros del lugar de la manifestaci\u00f3n. Tras cachear a todos los identificados y requisarles una pancarta en la que se pod\u00eda leer \u00abFuera fascistas de nuestros barrios\u00bb, los agentes han impedido su avance evitando que la situaci\u00f3n se descontrolara. \u00abLa Polic\u00eda ha estado despu\u00e9s buscando por los arbustos\u00bb, se\u00f1alan varios testigos, con la sospecha de que dicha batida se habr\u00eda realizado a fin de encontrar palos u otros objetos contundentes; un extremo que no est\u00e1 confirmado. En los mentideros de la zona se baraja tambi\u00e9n la posibilidad de que el grupo retenido estuviera formado por miembros del Frente Obrero, \u00abfamoso\u00bb, meses atr\u00e1s, por protagonizar un escrache contra \u00cd\u00f1igo Errej\u00f3n durante una visita a la asociaci\u00f3n vecinal de la UVA. La escalada de violencia registrada en los aleda\u00f1os de los centros de Hortaleza e Isabel Clara Eugenia, ocupados en su mayor\u00eda por menores extranjeros no acompa\u00f1ados (menas), ha generado un preocupante clima de tensi\u00f3n que algunas formaciones pol\u00edticas y grupos radicales han aprovechado para hacer calar su mensaje. Prueba de ello es la manifestaci\u00f3n de esta ma\u00f1ana, respaldada por simpatizantes de Hogar Social, Democracia Nacional o Espa\u00f1a 2000. Provistos de un meg\u00e1fono, algunos asistentes han aprovechado para denunciar los robos y agresiones sufridos en los \u00faltimos tiempos. Han cargado, adem\u00e1s, contra la Comunidad de Madrid, a la que responsabilizan de la falta de medios para atender a estos menores. A las inmediaciones de la residencia tambi\u00e9n se han acercado otros vecinos para mostrar su rechazo a la concentraci\u00f3n, que han tildado de \u00abracista\u00bb y \u00abxen\u00f3foba\u00bb y con el \u00fanico objetivo de \u00abcriminalizar al m\u00e1s d\u00e9bil\u00bb. Un helic\u00f3ptero ha sobrevolado el enclave para dar apoyo a las unidades policiales desplazadas.<br \/>\nVia: <a href=\"https:\/\/www.abc.es\/espana\/madrid\/abci-abortan-enfrentamiento-entre-ultras-izquierda-y-neonazis-junto-centro-menas-hortaleza-201911172019_noticia.html\" target=\"_blank\">Abortan un enfrentamiento entre ultras de izquierda y neonazis junto al centro de menas de Hortaleza<\/a><\/p>\n","protected":false},"excerpt":{"rendered":"<p>Ma\u00f1ana complicada la que se ha vivido este domingo en torno al centro de Primera Acogida de Hortaleza (Valdetorres de Jarama, 1). Cerca de un centenar de personas, convocadas por la plataforma Hortaleza Act\u00faa (creada \u00abex profeso\u00bb por los neonazis de Hogar Social), se han concentrado a las puertas de [&hellip;]<\/p>\n","protected":false},"author":2,"featured_media":119508,"comment_status":"open","ping_status":"closed","sticky":false,"template":"","format":"standard","meta":{"footnotes":""},"categories":[6],"tags":[],"class_list":["post-119507","post","type-post","status-publish","format-standard","has-post-thumbnail","hentry","category-spanish"],"_links":{"self":[{"href":"https:\/\/theworldwidejournal.com\/index.php?rest_route=\/wp\/v2\/posts\/119507","targetHints":{"allow":["GET"]}}],"collection":[{"href":"https:\/\/theworldwidejournal.com\/index.php?rest_route=\/wp\/v2\/posts"}],"about":[{"href":"https:\/\/theworldwidejournal.com\/index.php?rest_route=\/wp\/v2\/types\/post"}],"author":[{"embeddable":true,"href":"https:\/\/theworldwidejournal.com\/index.php?rest_route=\/wp\/v2\/users\/2"}],"replies":[{"embeddable":true,"href":"https:\/\/theworldwidejournal.com\/index.php?rest_route=%2Fwp%2Fv2%2Fcomments&post=119507"}],"version-history":[{"count":0,"href":"https:\/\/theworldwidejournal.com\/index.php?rest_route=\/wp\/v2\/posts\/119507\/revisions"}],"wp:featuredmedia":[{"embeddable":true,"href":"https:\/\/theworldwidejournal.com\/index.php?rest_route=\/wp\/v2\/media\/119508"}],"wp:attachment":[{"href":"https:\/\/theworldwidejournal.com\/index.php?rest_route=%2Fwp%2Fv2%2Fmedia&parent=119507"}],"wp:term":[{"taxonomy":"category","embeddable":true,"href":"https:\/\/theworldwidejournal.com\/index.php?rest_route=%2Fwp%2Fv2%2Fcategories&post=119507"},{"taxonomy":"post_tag","embeddable":true,"href":"https:\/\/theworldwidejournal.com\/index.php?rest_route=%2Fwp%2Fv2%2Ftags&post=119507"}],"curies":[{"name":"wp","href":"https:\/\/api.w.org\/{rel}","templated":true}]}}