{"id":119512,"date":"2019-11-17T14:53:00","date_gmt":"2019-11-17T13:53:00","guid":{"rendered":"https:\/\/theworldwidejournal.com\/2019\/11\/17\/asi-ha-sido-el-escalofriante-atropello-de-la-moto-de-iker-lecuona-a-johann-zarco\/"},"modified":"2019-11-17T14:53:00","modified_gmt":"2019-11-17T13:53:00","slug":"asi-ha-sido-el-escalofriante-atropello-de-la-moto-de-iker-lecuona-a-johann-zarco","status":"publish","type":"post","link":"https:\/\/theworldwidejournal.com\/?p=119512","title":{"rendered":"As\u00ed ha sido el escalofriante atropello de la moto de Iker Lecuona a Johann Zarco"},"content":{"rendered":"<p>El Gran Premio de La Comunidad Valenciana dej\u00f3 una imagen escalofriante. En la misma curva se cayeron Petrucci, Lecuona y Zarco, con estos dos \u00faltimos como protagonistas. El piloto espa\u00f1ol se fue al suelo pocos segundos despu\u00e9s que el galo, pero con la mala suerte de que su moto sali\u00f3 despedida hacia Zarco, que situado de espaldas, recibi\u00f3 el brutal impacto de la misma. El golpe le hizo dar un mortal hacia atr\u00e1s en el aire y un golpe seco en la gravilla, que le dej\u00f3 noqueado durante unos cuantos segundos. Por suerte, todo qued\u00f3 en un susto. \u00a1TREMENDO EL GOLPE QUE HA SUFRIDO ZARCO! \ud83d\ude31 \u00a1La moto de @LecuonaIker atropell\u00f3 a @JohannZarco1! Tres ca\u00eddas en la misma curva: Petrucci, Lecuona y @JohannZarco1 \ud83d\ude10 #ValenciaGP \ud83c\uddea\ud83c\uddf8 #MotoGP \ud83c\udfc1 pic.twitter.com\/pQbO6ntWZX&mdash; DAZN Espa\u00f1a (@DAZN_ES) November 17, 2019<br \/>\nVia: <a href=\"https:\/\/www.abc.es\/deportes\/motos\/abci-motogp-escalofriante-atropello-moto-iker-lecuona-johann-zarco-201911171453_noticia.html\" target=\"_blank\">As\u00ed ha sido el escalofriante atropello de la moto de Iker Lecuona a Johann Zarco<\/a><\/p>\n","protected":false},"excerpt":{"rendered":"<p>El Gran Premio de La Comunidad Valenciana dej\u00f3 una imagen escalofriante. En la misma curva se cayeron Petrucci, Lecuona y Zarco, con estos dos \u00faltimos como protagonistas. El piloto espa\u00f1ol se fue al suelo pocos segundos despu\u00e9s que el galo, pero con la mala suerte de que su moto sali\u00f3 [&hellip;]<\/p>\n","protected":false},"author":2,"featured_media":119513,"comment_status":"open","ping_status":"closed","sticky":false,"template":"","format":"standard","meta":{"footnotes":""},"categories":[6],"tags":[],"class_list":["post-119512","post","type-post","status-publish","format-standard","has-post-thumbnail","hentry","category-spanish"],"_links":{"self":[{"href":"https:\/\/theworldwidejournal.com\/index.php?rest_route=\/wp\/v2\/posts\/119512","targetHints":{"allow":["GET"]}}],"collection":[{"href":"https:\/\/theworldwidejournal.com\/index.php?rest_route=\/wp\/v2\/posts"}],"about":[{"href":"https:\/\/theworldwidejournal.com\/index.php?rest_route=\/wp\/v2\/types\/post"}],"author":[{"embeddable":true,"href":"https:\/\/theworldwidejournal.com\/index.php?rest_route=\/wp\/v2\/users\/2"}],"replies":[{"embeddable":true,"href":"https:\/\/theworldwidejournal.com\/index.php?rest_route=%2Fwp%2Fv2%2Fcomments&post=119512"}],"version-history":[{"count":0,"href":"https:\/\/theworldwidejournal.com\/index.php?rest_route=\/wp\/v2\/posts\/119512\/revisions"}],"wp:featuredmedia":[{"embeddable":true,"href":"https:\/\/theworldwidejournal.com\/index.php?rest_route=\/wp\/v2\/media\/119513"}],"wp:attachment":[{"href":"https:\/\/theworldwidejournal.com\/index.php?rest_route=%2Fwp%2Fv2%2Fmedia&parent=119512"}],"wp:term":[{"taxonomy":"category","embeddable":true,"href":"https:\/\/theworldwidejournal.com\/index.php?rest_route=%2Fwp%2Fv2%2Fcategories&post=119512"},{"taxonomy":"post_tag","embeddable":true,"href":"https:\/\/theworldwidejournal.com\/index.php?rest_route=%2Fwp%2Fv2%2Ftags&post=119512"}],"curies":[{"name":"wp","href":"https:\/\/api.w.org\/{rel}","templated":true}]}}