{"id":119539,"date":"2019-11-18T14:43:17","date_gmt":"2019-11-18T13:43:17","guid":{"rendered":"https:\/\/theworldwidejournal.com\/2019\/11\/18\/que-sait-on-du-gilet-jaune-qui-a-recu-une-grenade-dans-loeil-alors-quil-discutait-lors-de-lacte-53\/"},"modified":"2019-11-18T14:43:17","modified_gmt":"2019-11-18T13:43:17","slug":"que-sait-on-du-gilet-jaune-qui-a-recu-une-grenade-dans-loeil-alors-quil-discutait-lors-de-lacte-53","status":"publish","type":"post","link":"https:\/\/theworldwidejournal.com\/?p=119539","title":{"rendered":"Que sait-on du gilet jaune qui a re\u00e7u une grenade dans l&#8217;\u0153il alors qu&#8217;il discutait lors de l&#8217;acte 53\u00a0?"},"content":{"rendered":"<p>La vid\u00e9o d&#8217;un homme en train de parler et qui re\u00e7oit une grenade lacrymog\u00e8ne dans le visage est devenue virale \u00e0 la suite du premier anniversaire des gilets jaunes. Le manifestant fait l&#8217;objet d&#8217;examens \u00e0 l&#8217;h\u00f4pital, indique sa compagne.<br \/>\nVia: <a href=\"https:\/\/www.liberation.fr\/checknews\/2019\/11\/18\/que-sait-on-du-gilet-jaune-qui-a-recu-une-grenade-dans-l-oeil-alors-qu-il-discutait-lors-de-l-acte-5_1764082?xtor=rss-450\" target=\"_blank\">Que sait-on du gilet jaune qui a re\u00e7u une grenade dans l&#8217;\u0153il alors qu&#8217;il discutait lors de l&#8217;acte 53\u00a0?<\/a><\/p>\n","protected":false},"excerpt":{"rendered":"<p>La vid\u00e9o d&#8217;un homme en train de parler et qui re\u00e7oit une grenade lacrymog\u00e8ne dans le visage est devenue virale \u00e0 la suite du premier anniversaire des gilets jaunes. Le manifestant fait l&#8217;objet d&#8217;examens \u00e0 l&#8217;h\u00f4pital, indique sa compagne. Via: Que sait-on du gilet jaune qui a re\u00e7u une grenade [&hellip;]<\/p>\n","protected":false},"author":2,"featured_media":0,"comment_status":"open","ping_status":"closed","sticky":false,"template":"","format":"standard","meta":{"footnotes":""},"categories":[4],"tags":[],"class_list":["post-119539","post","type-post","status-publish","format-standard","hentry","category-french"],"_links":{"self":[{"href":"https:\/\/theworldwidejournal.com\/index.php?rest_route=\/wp\/v2\/posts\/119539","targetHints":{"allow":["GET"]}}],"collection":[{"href":"https:\/\/theworldwidejournal.com\/index.php?rest_route=\/wp\/v2\/posts"}],"about":[{"href":"https:\/\/theworldwidejournal.com\/index.php?rest_route=\/wp\/v2\/types\/post"}],"author":[{"embeddable":true,"href":"https:\/\/theworldwidejournal.com\/index.php?rest_route=\/wp\/v2\/users\/2"}],"replies":[{"embeddable":true,"href":"https:\/\/theworldwidejournal.com\/index.php?rest_route=%2Fwp%2Fv2%2Fcomments&post=119539"}],"version-history":[{"count":0,"href":"https:\/\/theworldwidejournal.com\/index.php?rest_route=\/wp\/v2\/posts\/119539\/revisions"}],"wp:attachment":[{"href":"https:\/\/theworldwidejournal.com\/index.php?rest_route=%2Fwp%2Fv2%2Fmedia&parent=119539"}],"wp:term":[{"taxonomy":"category","embeddable":true,"href":"https:\/\/theworldwidejournal.com\/index.php?rest_route=%2Fwp%2Fv2%2Fcategories&post=119539"},{"taxonomy":"post_tag","embeddable":true,"href":"https:\/\/theworldwidejournal.com\/index.php?rest_route=%2Fwp%2Fv2%2Ftags&post=119539"}],"curies":[{"name":"wp","href":"https:\/\/api.w.org\/{rel}","templated":true}]}}