{"id":119573,"date":"2019-11-18T14:30:32","date_gmt":"2019-11-18T13:30:32","guid":{"rendered":"https:\/\/theworldwidejournal.com\/2019\/11\/18\/francisco-gonzalez-ante-el-juez-ha-podido-haber-alguna-conducta-irregular-de-caracter-individual-que-yo-desconozco\/"},"modified":"2019-11-18T14:30:32","modified_gmt":"2019-11-18T13:30:32","slug":"francisco-gonzalez-ante-el-juez-ha-podido-haber-alguna-conducta-irregular-de-caracter-individual-que-yo-desconozco","status":"publish","type":"post","link":"https:\/\/theworldwidejournal.com\/?p=119573","title":{"rendered":"Francisco Gonz\u00e1lez, ante el juez: \u201cHa podido haber alguna conducta irregular de car\u00e1cter individual que yo desconozco\u201d"},"content":{"rendered":"<p>El influyente Francisco Gonz\u00e1lez, expresidente del BBVA y uno de los banqueros espa\u00f1oles m\u00e1s poderosos de las \u00faltimas d\u00e9cadas, aterriz\u00f3 este lunes en la Audiencia Nacional dispuesto a explayarse ante el juez. En su entorno, de hecho, repet\u00edan que responder\u00eda a todas las preguntas del magistrado Manuel Garc\u00eda-Castell\u00f3n y de los fiscales del caso Villarejo, que investigan los presuntos pagos de la entidad financiera al comisario jubilado Jos\u00e9 Manuel Villarejo, a quien se le orden\u00f3 supuestamente espiar a l\u00edderes pol\u00edticos y empresariales desde 2004, cuando la constructora Sacyr trat\u00f3 de hacerse con el control del grupo bancario. &#8220;Hoy he podido contestar con toda transparencia y con total claridad&#8221;, ha asegurado Gonz\u00e1lez tras el largo interrogatorio, que se ha prolongado durante m\u00e1s de dos horas y media.Seguir leyendo.<br \/>\nVia: <a href=\"https:\/\/elpais.com\/economia\/2019\/11\/18\/actualidad\/1574064256_714190.html#?ref=rss&#038;format=simple&#038;link=link\" target=\"_blank\">Francisco Gonz\u00e1lez, ante el juez: \u201cHa podido haber alguna conducta irregular de car\u00e1cter individual que yo desconozco\u201d<\/a><\/p>\n","protected":false},"excerpt":{"rendered":"<p>El influyente Francisco Gonz\u00e1lez, expresidente del BBVA y uno de los banqueros espa\u00f1oles m\u00e1s poderosos de las \u00faltimas d\u00e9cadas, aterriz\u00f3 este lunes en la Audiencia Nacional dispuesto a explayarse ante el juez. En su entorno, de hecho, repet\u00edan que responder\u00eda a todas las preguntas del magistrado Manuel Garc\u00eda-Castell\u00f3n y de [&hellip;]<\/p>\n","protected":false},"author":2,"featured_media":0,"comment_status":"open","ping_status":"closed","sticky":false,"template":"","format":"standard","meta":{"footnotes":""},"categories":[6],"tags":[],"class_list":["post-119573","post","type-post","status-publish","format-standard","hentry","category-spanish"],"_links":{"self":[{"href":"https:\/\/theworldwidejournal.com\/index.php?rest_route=\/wp\/v2\/posts\/119573","targetHints":{"allow":["GET"]}}],"collection":[{"href":"https:\/\/theworldwidejournal.com\/index.php?rest_route=\/wp\/v2\/posts"}],"about":[{"href":"https:\/\/theworldwidejournal.com\/index.php?rest_route=\/wp\/v2\/types\/post"}],"author":[{"embeddable":true,"href":"https:\/\/theworldwidejournal.com\/index.php?rest_route=\/wp\/v2\/users\/2"}],"replies":[{"embeddable":true,"href":"https:\/\/theworldwidejournal.com\/index.php?rest_route=%2Fwp%2Fv2%2Fcomments&post=119573"}],"version-history":[{"count":0,"href":"https:\/\/theworldwidejournal.com\/index.php?rest_route=\/wp\/v2\/posts\/119573\/revisions"}],"wp:attachment":[{"href":"https:\/\/theworldwidejournal.com\/index.php?rest_route=%2Fwp%2Fv2%2Fmedia&parent=119573"}],"wp:term":[{"taxonomy":"category","embeddable":true,"href":"https:\/\/theworldwidejournal.com\/index.php?rest_route=%2Fwp%2Fv2%2Fcategories&post=119573"},{"taxonomy":"post_tag","embeddable":true,"href":"https:\/\/theworldwidejournal.com\/index.php?rest_route=%2Fwp%2Fv2%2Ftags&post=119573"}],"curies":[{"name":"wp","href":"https:\/\/api.w.org\/{rel}","templated":true}]}}