{"id":119575,"date":"2019-11-18T14:16:44","date_gmt":"2019-11-18T13:16:44","guid":{"rendered":"https:\/\/theworldwidejournal.com\/2019\/11\/18\/el-pp-no-descarta-ir-a-los-tribunales-o-salir-a-la-calle-para-defender-la-educacion-concertada\/"},"modified":"2019-11-18T14:16:44","modified_gmt":"2019-11-18T13:16:44","slug":"el-pp-no-descarta-ir-a-los-tribunales-o-salir-a-la-calle-para-defender-la-educacion-concertada","status":"publish","type":"post","link":"https:\/\/theworldwidejournal.com\/?p=119575","title":{"rendered":"El PP no descarta ir a los tribunales o salir a la calle para defender la educaci\u00f3n concertada"},"content":{"rendered":"<p>La vicesecretaria de Pol\u00edtica Social del Partido Popular, Cuca Gamarra, ha asegurado este lunes que su partido no descarta acudir a los tribunales o salir a la calle para defender la educaci\u00f3n concertada, la de titularidad privada pero financiada con recursos p\u00fablicos, y garantizar la libertad de elecci\u00f3n de las familias. Gamarra lo ha asegurado ante los periodistas en la sede nacional del PP, donde este lunes ha asistido a una reuni\u00f3n presidida por el l\u00edder del partido, Pablo Casado, con los consejeros de Educaci\u00f3n de las comunidades aut\u00f3nomas gobernadas por su partido. La reuni\u00f3n se enmarca dentro de la \u00abofensiva\u00bb que ha iniciado el PP en defensa de la \u00ablibertad educativa\u00bb despu\u00e9s de que la ministra de Educaci\u00f3n en funciones, Isabel Cela\u00e1, negara el pasado jueves que la libertad de centro sea un derecho constitucional. Para Gamarra, las declaraciones de Cela\u00e1 han generado \u00abmuch\u00edsimo nerviosismo y alarma entre las familias que defienden el derecho de poder elegir qu\u00e9 educaci\u00f3n quieren para sus hijos\u00bb. Un derecho que, seg\u00fan la dirigente popular, no le corresponde \u00abni al Estado, ni a Pedro S\u00e1nchez ni a la ministra Cela\u00e1\u00bb y que \u00abnadie puede usurpar\u00bb. En ese sentido, Gamarra ha asegurado que su partido \u00abva a defender pol\u00edticamente y jur\u00eddicamente los derechos que la Constituci\u00f3n reconoce a las familias espa\u00f1olas\u00bb incluso en los tribunales si es necesario. \u00abSi hay que ir a los tribunales, evidentemente a los tribunales iremos\u00bb, ha asegurado Gamarra. \u00abEl PP va a garantizar plenamente ese derecho y va a seguir trabajando por una educaci\u00f3n de calidad donde tanto la p\u00fablica como la concertada pueda ser elegida desde la equidad, y eso solo se garantiza desde los conciertos que est\u00e1n vigentes y que este partido va a proteger\u00bb, ha a\u00f1adido la dirigente del PP, sin descartar que su partido salga a la calle con este prop\u00f3sito, como defendi\u00f3 la presidenta de la Comunidad de Madrid, Isabel D\u00edaz Ayuso. \u00abSi hay alguna iniciativa pues tambi\u00e9n estaremos ah\u00ed, por supuesto apoyando a los espa\u00f1oles que quieren garantizar un derecho que la Constituci\u00f3n les reconoce\u00bb, ha asegurado Gamarra. Adem\u00e1s de la reuni\u00f3n de esta ma\u00f1ana con los consejeros de Galicia, Madrid, Andaluc\u00eda, Castilla y Le\u00f3n y Murcia, el presidente del PP, Pablo Casado, recibir\u00e1 esta tarde en la sede del partido a entidades de la educaci\u00f3n concertada. Tras la reuni\u00f3n con los consejeros de las autonom\u00edas que gobierna el PP, Casado ha publicado un mensaje en su cuenta de Twitter reiterando el compromiso de su partido con la concertada: &#8220;S\u00e1nchez lleva a\u00f1os cuestionando la ense\u00f1anza concertada, pero nosotros vamos a defenderla como pilar esencial para millones de familias espa\u00f1olas&#8221;. El origen de la pol\u00e9mica El PP ha criticado las declaraciones que realiz\u00f3 el jueves la ministra de Educaci\u00f3n en funciones, Isabel Cela\u00e1, en las que aseguraba que \u00abde ninguna manera se puede decir que el derecho de los padres a escoger una ense\u00f1anza religiosa o elegir centro educativo podr\u00edan ser parte de la libertad de ense\u00f1anza\u00bb que emana del art\u00edculo 27 de la Constituci\u00f3n, declaraciones que realiz\u00f3 en la inauguraci\u00f3n del congreso de la patronal de centros concertados Escuelas Cat\u00f3licas. La ministra Cela\u00e1 matiz\u00f3 sus palabras un d\u00eda despu\u00e9s, asegurando que las familias tienen \u00ablibertad\u00bb para elegir centro educativo y que \u00abno tienen nada que temer\u00bb porque el PSOE, seg\u00fan dijo en rueda de prensa posterior al Consejo de Ministros, ha defendido siempre la educaci\u00f3n concertada. Sin embargo, el Partido Popular anunci\u00f3 que presentar\u00e1 una \u00abofensiva\u00bb parlamentaria presentando mociones en el Congreso, Senado, ayuntamientos y comunidades aut\u00f3nomas en defensa de la libertad educativa. Los &#8216;barones&#8217; territoriales de la formaci\u00f3n, como Juanma Moreno, Fernando L\u00f3pez Miras, Isabel D\u00edaz Ayuso o Alfonso Fern\u00e1ndez Ma\u00f1ueco, recriminaron al Gobierno de Pedro S\u00e1nchez su \u00abataque\u00bb a la educaci\u00f3n concertada. El propio Pablo Casado ya pidi\u00f3 el jueves al jefe del Ejecutivo en funciones, Pedro S\u00e1nchez, aclarar si comparte las declaraciones de la ministra de Educaci\u00f3n y le pregunt\u00f3 si es el \u00abmodelo del nuevo gobierno de izquierda radical\u00bb que quiere cerrar con Podemos.<br \/>\nVia: <a href=\"https:\/\/www.abc.es\/sociedad\/abci-pp-no-descarta-tribunales-o-salir-calle-para-defender-educacion-concertada-201911181416_noticia.html\" target=\"_blank\">El PP no descarta ir a los tribunales o salir a la calle para defender la educaci\u00f3n concertada<\/a><\/p>\n","protected":false},"excerpt":{"rendered":"<p>La vicesecretaria de Pol\u00edtica Social del Partido Popular, Cuca Gamarra, ha asegurado este lunes que su partido no descarta acudir a los tribunales o salir a la calle para defender la educaci\u00f3n concertada, la de titularidad privada pero financiada con recursos p\u00fablicos, y garantizar la libertad de elecci\u00f3n de las [&hellip;]<\/p>\n","protected":false},"author":2,"featured_media":119576,"comment_status":"open","ping_status":"closed","sticky":false,"template":"","format":"standard","meta":{"footnotes":""},"categories":[6],"tags":[],"class_list":["post-119575","post","type-post","status-publish","format-standard","has-post-thumbnail","hentry","category-spanish"],"_links":{"self":[{"href":"https:\/\/theworldwidejournal.com\/index.php?rest_route=\/wp\/v2\/posts\/119575","targetHints":{"allow":["GET"]}}],"collection":[{"href":"https:\/\/theworldwidejournal.com\/index.php?rest_route=\/wp\/v2\/posts"}],"about":[{"href":"https:\/\/theworldwidejournal.com\/index.php?rest_route=\/wp\/v2\/types\/post"}],"author":[{"embeddable":true,"href":"https:\/\/theworldwidejournal.com\/index.php?rest_route=\/wp\/v2\/users\/2"}],"replies":[{"embeddable":true,"href":"https:\/\/theworldwidejournal.com\/index.php?rest_route=%2Fwp%2Fv2%2Fcomments&post=119575"}],"version-history":[{"count":0,"href":"https:\/\/theworldwidejournal.com\/index.php?rest_route=\/wp\/v2\/posts\/119575\/revisions"}],"wp:featuredmedia":[{"embeddable":true,"href":"https:\/\/theworldwidejournal.com\/index.php?rest_route=\/wp\/v2\/media\/119576"}],"wp:attachment":[{"href":"https:\/\/theworldwidejournal.com\/index.php?rest_route=%2Fwp%2Fv2%2Fmedia&parent=119575"}],"wp:term":[{"taxonomy":"category","embeddable":true,"href":"https:\/\/theworldwidejournal.com\/index.php?rest_route=%2Fwp%2Fv2%2Fcategories&post=119575"},{"taxonomy":"post_tag","embeddable":true,"href":"https:\/\/theworldwidejournal.com\/index.php?rest_route=%2Fwp%2Fv2%2Ftags&post=119575"}],"curies":[{"name":"wp","href":"https:\/\/api.w.org\/{rel}","templated":true}]}}