{"id":119579,"date":"2019-11-18T13:06:07","date_gmt":"2019-11-18T12:06:07","guid":{"rendered":"https:\/\/theworldwidejournal.com\/2019\/11\/18\/vox-vincula-la-fuga-del-exjefe-de-la-inteligencia-de-chavez-con-el-acuerdo-psoe-podemos\/"},"modified":"2019-11-18T13:06:07","modified_gmt":"2019-11-18T12:06:07","slug":"vox-vincula-la-fuga-del-exjefe-de-la-inteligencia-de-chavez-con-el-acuerdo-psoe-podemos","status":"publish","type":"post","link":"https:\/\/theworldwidejournal.com\/?p=119579","title":{"rendered":"Vox vincula la fuga del exjefe de la inteligencia de Ch\u00e1vez con el acuerdo PSOE-Podemos"},"content":{"rendered":"<p>El presidente de Vox, Santiago Abascal, ha asegurado que el acuerdo entre el PSOE y Podemos es un acuerdo \u00abcontra Espa\u00f1a porque solo est\u00e1 esperando \u00abel salvoconducto del separatismo y el golpismo\u00bb y reiter\u00f3 su petici\u00f3n a los partidos regionalistas para que hagan una\u00abreflexi\u00f3n\u00bb y no se entreguen a cambio \u00abde alg\u00fan tipo de prebenda y de migajas\u00bb. A su juicio, algunos de estos partidos, como Teruel existe, ha sido la \u00abpagana del Estado de los autonom\u00edas\u00bb estos partidos y que no se deben de \u00abdejar llevar por los ego\u00edsmos regionales que han caracterizado a otros partidos\u00bb. Abascal ha realizado estas declaraciones en el Congreso de los Diputados, donde ha presentado las l\u00edneas de la actuaci\u00f3n de su grupo parlamentario, con el que se ha reunido, haci\u00e9ndose una foto con los 52 diputados en la puerta de los leones. En su repaso a los temas de actualidad, el presidente de Vox ha relacionado la fuga del militar venezolano Hugo Carvajal, exresponsable de inteligencia en el r\u00e9gimen chavista, \u00abcon los pactos que ahora se est\u00e1n produciendo entre el PSOE y Podemos\u00bb. En relaci\u00f3n a esta cuesti\u00f3n avanz\u00f3 que est\u00e1n estudiando iniciativas parlamentarias, entre ellas la del ministro del Interior, y judiciales para que se descubra si se ha producido alg\u00fan tipo de ilegalidad\u00bb. Sobre estos acuerdos afirm\u00f3 que \u00abya han fracasado de antemano, porque no aspiran al bien com\u00fan, sino a repartirse un bot\u00edn institucional, en forma de ministerios, y nos pod\u00edan haber ahorrado en estas elecciones\u00bb. As\u00ed, se\u00f1al\u00f3 que este pacto \u00abno va a ser gratis\u00bb y no lo van a pagar las \u00abCasas del Pueblo del PSOE, sino que ser\u00e1 a costa del erario de todos los espa\u00f1oles\u00bb. \u00abA m\u00ed me vendr\u00eda bien apremder a coser\u00bb Abascal tambi\u00e9n reiter\u00f3 que estar\u00e1n a alertas de las reformas de los estatutos de autonom\u00eda que se pueden proponer, como el del Pa\u00eds Vasco, \u00abnos tememos lo peor, que cualquier reforma pueda desbordar la legalidad Constitucional\u00bb, y que utilizar\u00e1n su fuerza en el Congreso para que estos cambios constitucionales los voten todos los espa\u00f1oles. Vox plantear\u00e1 su actividad parlamentaria volviendo a presentar todas las iniciativas que decayeron van a ser presentadas, \u00abincluso las que inclu\u00eda la eliminaci\u00f3n de las subvenciones a los partidos pol\u00edticos, y haremos que todos los partidos se retraten para que ni partidos, ni sindicatos, ni organizaciones patronales\u00bb. Entre estas iniciativas tambi\u00e9n se encuentran iniciativas para \u00abla escuela concertada y la libertad de educaci\u00f3n de los padres. Adem\u00e1s, presentaremos el cheque escolar que tiene m\u00e1s que ver con las autonom\u00edas\u00bb. Finalmente, Abascal apoy\u00f3 las declaraciones de la diputada en la Asamblea de Madrid Alicia Rubio, en las que propon\u00eda la asignatura de costura en lugar de la de feminismo porque \u00abcoser empodera\u00bb, subrayando que \u00abyo creo que nos vendr\u00eda bien a todos aprender a coser, incluso a m\u00ed\u00bb.<br \/>\nVia: <a href=\"https:\/\/www.abc.es\/espana\/abci-vincula-fuga-exjefe-inteligencia-chavez-acuerdo-psoe-podemos-201911181306_noticia.html\" target=\"_blank\">Vox vincula la fuga del exjefe de la inteligencia de Ch\u00e1vez con el acuerdo PSOE-Podemos<\/a><\/p>\n","protected":false},"excerpt":{"rendered":"<p>El presidente de Vox, Santiago Abascal, ha asegurado que el acuerdo entre el PSOE y Podemos es un acuerdo \u00abcontra Espa\u00f1a porque solo est\u00e1 esperando \u00abel salvoconducto del separatismo y el golpismo\u00bb y reiter\u00f3 su petici\u00f3n a los partidos regionalistas para que hagan una\u00abreflexi\u00f3n\u00bb y no se entreguen a cambio [&hellip;]<\/p>\n","protected":false},"author":2,"featured_media":119580,"comment_status":"open","ping_status":"closed","sticky":false,"template":"","format":"standard","meta":{"footnotes":""},"categories":[6],"tags":[],"class_list":["post-119579","post","type-post","status-publish","format-standard","has-post-thumbnail","hentry","category-spanish"],"_links":{"self":[{"href":"https:\/\/theworldwidejournal.com\/index.php?rest_route=\/wp\/v2\/posts\/119579","targetHints":{"allow":["GET"]}}],"collection":[{"href":"https:\/\/theworldwidejournal.com\/index.php?rest_route=\/wp\/v2\/posts"}],"about":[{"href":"https:\/\/theworldwidejournal.com\/index.php?rest_route=\/wp\/v2\/types\/post"}],"author":[{"embeddable":true,"href":"https:\/\/theworldwidejournal.com\/index.php?rest_route=\/wp\/v2\/users\/2"}],"replies":[{"embeddable":true,"href":"https:\/\/theworldwidejournal.com\/index.php?rest_route=%2Fwp%2Fv2%2Fcomments&post=119579"}],"version-history":[{"count":0,"href":"https:\/\/theworldwidejournal.com\/index.php?rest_route=\/wp\/v2\/posts\/119579\/revisions"}],"wp:featuredmedia":[{"embeddable":true,"href":"https:\/\/theworldwidejournal.com\/index.php?rest_route=\/wp\/v2\/media\/119580"}],"wp:attachment":[{"href":"https:\/\/theworldwidejournal.com\/index.php?rest_route=%2Fwp%2Fv2%2Fmedia&parent=119579"}],"wp:term":[{"taxonomy":"category","embeddable":true,"href":"https:\/\/theworldwidejournal.com\/index.php?rest_route=%2Fwp%2Fv2%2Fcategories&post=119579"},{"taxonomy":"post_tag","embeddable":true,"href":"https:\/\/theworldwidejournal.com\/index.php?rest_route=%2Fwp%2Fv2%2Ftags&post=119579"}],"curies":[{"name":"wp","href":"https:\/\/api.w.org\/{rel}","templated":true}]}}