{"id":119583,"date":"2019-11-18T12:26:41","date_gmt":"2019-11-18T11:26:41","guid":{"rendered":"https:\/\/theworldwidejournal.com\/2019\/11\/18\/los-jueces-estrechan-el-cerco-a-isa-serra-podemos-por-atacar-a-la-policia\/"},"modified":"2019-11-18T12:26:41","modified_gmt":"2019-11-18T11:26:41","slug":"los-jueces-estrechan-el-cerco-a-isa-serra-podemos-por-atacar-a-la-policia","status":"publish","type":"post","link":"https:\/\/theworldwidejournal.com\/?p=119583","title":{"rendered":"Los jueces estrechan el cerco a Isa Serra (Podemos) por atacar a la Polic\u00eda"},"content":{"rendered":"<p>La Sala de lo Civil y Penal del Tribunal Superior de Justicia de Madrid (TSJM) ha dictado auto transformando las diligencias previas en procedimiento abreviado contra Isa Serra por la presunta comisi\u00f3n de un delito de des\u00f3rdenes p\u00fablicos, un delito de atentado y un delito de da\u00f1os. Los hechos que ahora se enjuician se remontan a la ma\u00f1ana del 31 de enero de 2014, coincidiendo con un procedimiento de ejecuci\u00f3n forzosa en el barrio de Lavapi\u00e9s. Ese d\u00eda, la diputada de Podemos en la Asamblea se encontraba junto con otras personas de la plataforma Stop Desahucios en las inmediaciones del cord\u00f3n de seguridad que establecieron los Cuerpos y Fuerzas de Seguridad del Estado entre las calles de Mes\u00f3n de Paredes y Tribulete \u00abcon la intenci\u00f3n de contener a quienes imped\u00edan el desalojo\u00bb, recoge el auto del TSJM al que ha tenido acceso este diario. Acabada la diligencia policial, y cuando los veh\u00edculos policiales se dispon\u00edan a marcharse, las personas presentes se enfrentaron a los agentes \u00abprofiriendo insultos y lanzando objetos contundentes contra polic\u00edas y furgonetas policiales\u00bb, contin\u00faa. Tres agentes resultaron heridos y algunas furgonetas, da\u00f1adas. Isa Serra fue identificada como \u00abuna de las personas que insultaba y lanzaba objetos contundentes\u00bb, as\u00ed como por llevar \u00abla voz cantante\u00bb de un modo particularmente agresivo, animando a otros a que increpasen a los agentes. La diputada regional se mostr\u00f3 en julio, tras conocer que se le investigaba por este asunto, \u00aborgullosa\u00bb de su lucha antidesahucios y neg\u00f3 los hechos por los que ahora ha sido procesada. Asegur\u00f3 entonces que ella no cometi\u00f3 ninguno de los delitos: \u00abYo no me increp\u00e9 ni agred\u00ed a nadie. Estuve un rato en el desahucio y me fui\u00bb. Serra ha mantenido siempre que solo particip\u00f3 en la manifestaci\u00f3n, y que, tras los altercados, no fue detenida. Despu\u00e9s, acudi\u00f3 de forma voluntaria a los juzgados de Plaza de Castilla para prestar declaraci\u00f3n pero, seg\u00fan explic\u00f3, no pudo hacerlo porque no le concedieron esta opci\u00f3n. De esta forma, los jueces del TSJM dan por concluida la investigaci\u00f3n, argumentando su decisi\u00f3n en la testifical de varios agentes de la Polic\u00eda Municipal que reconocieron mediante fotograf\u00edas a Serra como una de las participantes en el lanzamientos de objetos. Ahora, se da traslado a las acusaciones personadas para que en el plazo de diez d\u00edas soliciten la apertura de juicio oral formulando escrito de acusaci\u00f3n, el sobreseimiento de la causa o, excepcionalmente, la pr\u00e1ctica de nuevas diligencias.<br \/>\nVia: <a href=\"https:\/\/www.abc.es\/espana\/madrid\/abci-jueces-estrechan-cerco-contra-serra-podemos-atacar-policia-201911181226_noticia.html\" target=\"_blank\">Los jueces estrechan el cerco a Isa Serra (Podemos) por atacar a la Polic\u00eda<\/a><\/p>\n","protected":false},"excerpt":{"rendered":"<p>La Sala de lo Civil y Penal del Tribunal Superior de Justicia de Madrid (TSJM) ha dictado auto transformando las diligencias previas en procedimiento abreviado contra Isa Serra por la presunta comisi\u00f3n de un delito de des\u00f3rdenes p\u00fablicos, un delito de atentado y un delito de da\u00f1os. Los hechos que [&hellip;]<\/p>\n","protected":false},"author":2,"featured_media":119584,"comment_status":"open","ping_status":"closed","sticky":false,"template":"","format":"standard","meta":{"footnotes":""},"categories":[6],"tags":[],"class_list":["post-119583","post","type-post","status-publish","format-standard","has-post-thumbnail","hentry","category-spanish"],"_links":{"self":[{"href":"https:\/\/theworldwidejournal.com\/index.php?rest_route=\/wp\/v2\/posts\/119583","targetHints":{"allow":["GET"]}}],"collection":[{"href":"https:\/\/theworldwidejournal.com\/index.php?rest_route=\/wp\/v2\/posts"}],"about":[{"href":"https:\/\/theworldwidejournal.com\/index.php?rest_route=\/wp\/v2\/types\/post"}],"author":[{"embeddable":true,"href":"https:\/\/theworldwidejournal.com\/index.php?rest_route=\/wp\/v2\/users\/2"}],"replies":[{"embeddable":true,"href":"https:\/\/theworldwidejournal.com\/index.php?rest_route=%2Fwp%2Fv2%2Fcomments&post=119583"}],"version-history":[{"count":0,"href":"https:\/\/theworldwidejournal.com\/index.php?rest_route=\/wp\/v2\/posts\/119583\/revisions"}],"wp:featuredmedia":[{"embeddable":true,"href":"https:\/\/theworldwidejournal.com\/index.php?rest_route=\/wp\/v2\/media\/119584"}],"wp:attachment":[{"href":"https:\/\/theworldwidejournal.com\/index.php?rest_route=%2Fwp%2Fv2%2Fmedia&parent=119583"}],"wp:term":[{"taxonomy":"category","embeddable":true,"href":"https:\/\/theworldwidejournal.com\/index.php?rest_route=%2Fwp%2Fv2%2Fcategories&post=119583"},{"taxonomy":"post_tag","embeddable":true,"href":"https:\/\/theworldwidejournal.com\/index.php?rest_route=%2Fwp%2Fv2%2Ftags&post=119583"}],"curies":[{"name":"wp","href":"https:\/\/api.w.org\/{rel}","templated":true}]}}