{"id":119654,"date":"2019-11-18T19:21:58","date_gmt":"2019-11-18T18:21:58","guid":{"rendered":"https:\/\/theworldwidejournal.com\/2019\/11\/18\/tamara-gorro-se-sincera-sobre-su-enfermedad-tengo-unas-ganas-de-vomitar-brutales\/"},"modified":"2019-11-18T19:21:58","modified_gmt":"2019-11-18T18:21:58","slug":"tamara-gorro-se-sincera-sobre-su-enfermedad-tengo-unas-ganas-de-vomitar-brutales","status":"publish","type":"post","link":"https:\/\/theworldwidejournal.com\/?p=119654","title":{"rendered":"Tamara Gorro se sincera sobre su enfermedad: \u00abTengo unas ganas de vomitar brutales\u00bb"},"content":{"rendered":"<p>Tamara Gorro ha pasado un fin de semana de lo mas especial. La presentadora le ha organizado a su marido, Ezequiel Garay una fiesta por su cumplea\u00f1os en la que no ha faltado de nada. Sin embargo, el fin de semana lo ha terminado en el hospital, debido a la infecci\u00f3n que tiene en un dedo desde hace varios d\u00edas. As\u00ed lo ha confesado la mujer del futbolista entre l\u00e1grimas a trav\u00e9s de sus redes sociales. \u00abTiene como pus\u2026 No me rega\u00f1\u00e9is, que ya voy al hospital\u00bb, comenzaba diciendo. \u00abNo sab\u00e9is la llorera que he tenido. Me han apretado un poco y he visto las estrellas\u00bb, ha dicho antes de recordar que incluso se ha llegado a marear del dolor tan insoportable que sufre. \u00abYa no s\u00e9 qu\u00e9 mierda tengo aqu\u00ed en el dedo\u2026\u00bb. La joven se ha abierto en canal con sus seguidores: \u00abEstoy desesperada de verdad; no s\u00e9 qu\u00e9 hacer\u2026 Y ahora nada, antibi\u00f3tico. Me encuentro muy mal hoy, ma\u00f1ana volver\u00e9. Os mando esto porque est\u00e1is s\u00faper preocupados\u00bb. Ver esta publicaci\u00f3n en Instagram \u00a1GRACIAS FAMILIA VIRTUAL! Lo menos que puedo hacer es mandaros un beso y agradeceros enormemente lo mucho que os est\u00e1is preocupando por m\u00ed, y gastando vuestro tiempo en darme consejos o pregunt\u00e1ndome c\u00f3mo me encuentro&#8230; Estoy un poco desesperada y a la vez tirad\u00edsima por el dolor y el antibi\u00f3tico. Pero esto quedar\u00e1 en una an\u00e9cdota m\u00e1s para contar. La foto no es la m\u00e1s bonita , pero si tiene el mejor significado, \u00a1OS AMO! #mamamolona #gracias #osamo #\ud83d\udc51 Una publicaci\u00f3n compartida de Tamara Gorro (@tamara_gorro) el 18 Nov, 2019 a las 6:03 PST Horas m\u00e1s tarde, Tamara volv\u00eda a dar el parte m\u00e9dico sobre su enfermedad. \u00abY por tercera vez, un nuevo antibi\u00f3tico. Espero poder tolerarlo, porque ya estoy desesperada\u2026 El dolor ya se est\u00e1 bajando a la mano, y cada vez es m\u00e1s fuerte. Gracias por todos los mensajes familia virtual. \u00a1Os quiero con locura!\u00bb. Ayer por la tarde, Gorro ha informado de que si no mejora, deber\u00e1 volver al hospital donde es posible que tengan que abrirle el dedo si no mejora. \u00abLos antibi\u00f3ticos los he tolerado. He pasado una noche muy mala y tengo unas ganas de vomitar brutales\u00bb.<br \/>\nVia: <a href=\"https:\/\/www.abc.es\/estilo\/gente\/abci-tamara-gorro-sincera-sobre-enfermedad-tengo-unas-ganas-vomitar-brutales-201911181921_noticia.html\" target=\"_blank\">Tamara Gorro se sincera sobre su enfermedad: \u00abTengo unas ganas de vomitar brutales\u00bb<\/a><\/p>\n","protected":false},"excerpt":{"rendered":"<p>Tamara Gorro ha pasado un fin de semana de lo mas especial. La presentadora le ha organizado a su marido, Ezequiel Garay una fiesta por su cumplea\u00f1os en la que no ha faltado de nada. Sin embargo, el fin de semana lo ha terminado en el hospital, debido a la [&hellip;]<\/p>\n","protected":false},"author":2,"featured_media":119655,"comment_status":"open","ping_status":"closed","sticky":false,"template":"","format":"standard","meta":{"footnotes":""},"categories":[6],"tags":[],"class_list":["post-119654","post","type-post","status-publish","format-standard","has-post-thumbnail","hentry","category-spanish"],"_links":{"self":[{"href":"https:\/\/theworldwidejournal.com\/index.php?rest_route=\/wp\/v2\/posts\/119654","targetHints":{"allow":["GET"]}}],"collection":[{"href":"https:\/\/theworldwidejournal.com\/index.php?rest_route=\/wp\/v2\/posts"}],"about":[{"href":"https:\/\/theworldwidejournal.com\/index.php?rest_route=\/wp\/v2\/types\/post"}],"author":[{"embeddable":true,"href":"https:\/\/theworldwidejournal.com\/index.php?rest_route=\/wp\/v2\/users\/2"}],"replies":[{"embeddable":true,"href":"https:\/\/theworldwidejournal.com\/index.php?rest_route=%2Fwp%2Fv2%2Fcomments&post=119654"}],"version-history":[{"count":0,"href":"https:\/\/theworldwidejournal.com\/index.php?rest_route=\/wp\/v2\/posts\/119654\/revisions"}],"wp:featuredmedia":[{"embeddable":true,"href":"https:\/\/theworldwidejournal.com\/index.php?rest_route=\/wp\/v2\/media\/119655"}],"wp:attachment":[{"href":"https:\/\/theworldwidejournal.com\/index.php?rest_route=%2Fwp%2Fv2%2Fmedia&parent=119654"}],"wp:term":[{"taxonomy":"category","embeddable":true,"href":"https:\/\/theworldwidejournal.com\/index.php?rest_route=%2Fwp%2Fv2%2Fcategories&post=119654"},{"taxonomy":"post_tag","embeddable":true,"href":"https:\/\/theworldwidejournal.com\/index.php?rest_route=%2Fwp%2Fv2%2Ftags&post=119654"}],"curies":[{"name":"wp","href":"https:\/\/api.w.org\/{rel}","templated":true}]}}