{"id":119656,"date":"2019-11-18T18:17:41","date_gmt":"2019-11-18T17:17:41","guid":{"rendered":"https:\/\/theworldwidejournal.com\/2019\/11\/18\/casado-dispuesto-a-cualquier-medida-para-defender-la-concertada\/"},"modified":"2019-11-18T18:17:41","modified_gmt":"2019-11-18T17:17:41","slug":"casado-dispuesto-a-cualquier-medida-para-defender-la-concertada","status":"publish","type":"post","link":"https:\/\/theworldwidejournal.com\/?p=119656","title":{"rendered":"Casado, \u00abdispuesto a cualquier medida para defender la concertada\u00bb"},"content":{"rendered":"<p>El l\u00edder del PP, Pablo Casado, se ha reunido esta tarde con el sector de la concertada. Concretamente, se han encontrado en G\u00e9nova con la patronal (Escuelas Cat\u00f3licas y Cece), cooperativas (Uecoe), padres (Concapa y Cofapa) y sindicatos de la concertada (Fsie y Uso). El l\u00edder del PP les ha transmitido que est\u00e1 dispuesto a cualquier medida en defensa de la libertad de ense\u00f1anza. Estas incluyen salir a la calle, mociones, acudir a los tribunales, etc. La reuni\u00f3n fue posterior a otra que Casado tuvo tambi\u00e9n este lunes con los consejeros de educaci\u00f3n del PP de Castilla y Le\u00f3n, Galicia, Madrid y Murcia. Ambos encuentros se producen en el marco de las declaraciones de la ministra de Educaci\u00f3n, Isabel Cela\u00e1, que el pasado jueves dijo antes m\u00e1s de 2.000 personas reunidas en el XV Congreso de Escuelas Cat\u00f3licas que el derecho a la elecci\u00f3n de centro y la ense\u00f1anza religiosa no emanan de la libertad de ense\u00f1anza consagrada en el art\u00edculo 27 de la Constituci\u00f3n. Compromiso con la ense\u00f1anza concertada La intenci\u00f3n de Casado de defender la concertada en la calle y en los tribunales coincide con la de la presidenta de la Comunidad de Madrid, Isabel D\u00edaz-Ayuso que el d\u00eda posterior a conocerse las declaraciones de Cela\u00e1 dijo que saldr\u00eda a la calle y, adem\u00e1s, en el mismo congreso en el que particip\u00f3 la ministra dijo que utilizar\u00eda todos los \u00abinstrumentos jur\u00eddicos que ofrece el estado de derecho\u00bb para defender la libertad de ense\u00f1anza. Casado aprovech\u00f3 la reuni\u00f3n para reiterar su compromiso con la ense\u00f1anza concertada y con la libertad de elecci\u00f3n y esboz\u00f3 los 10 puntos de su programa educativo. Casado le pidi\u00f3 a los presentes que le expliquen cu\u00e1les son los problemas actuales de la concertada a los all\u00ed reunidos que le dijeron que sufren diferencias respecto a la p\u00fablica que se traducen en menor apoyo institucional, menos recursos, menos personal, etc.<br \/>\nVia: <a href=\"https:\/\/www.abc.es\/sociedad\/abci-casado-dispuesto-cualquier-medida-para-defender-concertada-201911181817_noticia.html\" target=\"_blank\">Casado, \u00abdispuesto a cualquier medida para defender la concertada\u00bb<\/a><\/p>\n","protected":false},"excerpt":{"rendered":"<p>El l\u00edder del PP, Pablo Casado, se ha reunido esta tarde con el sector de la concertada. Concretamente, se han encontrado en G\u00e9nova con la patronal (Escuelas Cat\u00f3licas y Cece), cooperativas (Uecoe), padres (Concapa y Cofapa) y sindicatos de la concertada (Fsie y Uso). El l\u00edder del PP les ha [&hellip;]<\/p>\n","protected":false},"author":2,"featured_media":119657,"comment_status":"open","ping_status":"closed","sticky":false,"template":"","format":"standard","meta":{"footnotes":""},"categories":[6],"tags":[],"class_list":["post-119656","post","type-post","status-publish","format-standard","has-post-thumbnail","hentry","category-spanish"],"_links":{"self":[{"href":"https:\/\/theworldwidejournal.com\/index.php?rest_route=\/wp\/v2\/posts\/119656","targetHints":{"allow":["GET"]}}],"collection":[{"href":"https:\/\/theworldwidejournal.com\/index.php?rest_route=\/wp\/v2\/posts"}],"about":[{"href":"https:\/\/theworldwidejournal.com\/index.php?rest_route=\/wp\/v2\/types\/post"}],"author":[{"embeddable":true,"href":"https:\/\/theworldwidejournal.com\/index.php?rest_route=\/wp\/v2\/users\/2"}],"replies":[{"embeddable":true,"href":"https:\/\/theworldwidejournal.com\/index.php?rest_route=%2Fwp%2Fv2%2Fcomments&post=119656"}],"version-history":[{"count":0,"href":"https:\/\/theworldwidejournal.com\/index.php?rest_route=\/wp\/v2\/posts\/119656\/revisions"}],"wp:featuredmedia":[{"embeddable":true,"href":"https:\/\/theworldwidejournal.com\/index.php?rest_route=\/wp\/v2\/media\/119657"}],"wp:attachment":[{"href":"https:\/\/theworldwidejournal.com\/index.php?rest_route=%2Fwp%2Fv2%2Fmedia&parent=119656"}],"wp:term":[{"taxonomy":"category","embeddable":true,"href":"https:\/\/theworldwidejournal.com\/index.php?rest_route=%2Fwp%2Fv2%2Fcategories&post=119656"},{"taxonomy":"post_tag","embeddable":true,"href":"https:\/\/theworldwidejournal.com\/index.php?rest_route=%2Fwp%2Fv2%2Ftags&post=119656"}],"curies":[{"name":"wp","href":"https:\/\/api.w.org\/{rel}","templated":true}]}}