{"id":119687,"date":"2019-11-19T13:11:53","date_gmt":"2019-11-19T12:11:53","guid":{"rendered":"https:\/\/theworldwidejournal.com\/2019\/11\/19\/la-clause-diversite-de-france-televisions-imposee-aux-producteurs-est-elle-illegale\/"},"modified":"2019-11-19T13:11:53","modified_gmt":"2019-11-19T12:11:53","slug":"la-clause-diversite-de-france-televisions-imposee-aux-producteurs-est-elle-illegale","status":"publish","type":"post","link":"https:\/\/theworldwidejournal.com\/?p=119687","title":{"rendered":"La \u00abclause diversit\u00e9\u00bb de France T\u00e9l\u00e9visions impos\u00e9e aux producteurs est-elle ill\u00e9gale\u00a0?"},"content":{"rendered":"<p>La pr\u00e9sidente du groupe audiovisuel fran\u00e7ais a annonc\u00e9 r\u00e9cemment un renforcement de sa \u00abclause diversit\u00e9\u00bb dans ses relations avec les producteurs. Cette derni\u00e8re reste cependant assez souple pour ne pas tomber sous le coup de la loi.<br \/>\nVia: <a href=\"https:\/\/www.liberation.fr\/checknews\/2019\/11\/19\/la-clause-diversite-de-france-televisions-imposee-aux-producteurs-est-elle-illegale_1764105?xtor=rss-450\" target=\"_blank\">La \u00abclause diversit\u00e9\u00bb de France T\u00e9l\u00e9visions impos\u00e9e aux producteurs est-elle ill\u00e9gale\u00a0?<\/a><\/p>\n","protected":false},"excerpt":{"rendered":"<p>La pr\u00e9sidente du groupe audiovisuel fran\u00e7ais a annonc\u00e9 r\u00e9cemment un renforcement de sa \u00abclause diversit\u00e9\u00bb dans ses relations avec les producteurs. Cette derni\u00e8re reste cependant assez souple pour ne pas tomber sous le coup de la loi. Via: La \u00abclause diversit\u00e9\u00bb de France T\u00e9l\u00e9visions impos\u00e9e aux producteurs est-elle ill\u00e9gale\u00a0?<\/p>\n","protected":false},"author":2,"featured_media":0,"comment_status":"open","ping_status":"closed","sticky":false,"template":"","format":"standard","meta":{"footnotes":""},"categories":[4],"tags":[],"class_list":["post-119687","post","type-post","status-publish","format-standard","hentry","category-french"],"_links":{"self":[{"href":"https:\/\/theworldwidejournal.com\/index.php?rest_route=\/wp\/v2\/posts\/119687","targetHints":{"allow":["GET"]}}],"collection":[{"href":"https:\/\/theworldwidejournal.com\/index.php?rest_route=\/wp\/v2\/posts"}],"about":[{"href":"https:\/\/theworldwidejournal.com\/index.php?rest_route=\/wp\/v2\/types\/post"}],"author":[{"embeddable":true,"href":"https:\/\/theworldwidejournal.com\/index.php?rest_route=\/wp\/v2\/users\/2"}],"replies":[{"embeddable":true,"href":"https:\/\/theworldwidejournal.com\/index.php?rest_route=%2Fwp%2Fv2%2Fcomments&post=119687"}],"version-history":[{"count":0,"href":"https:\/\/theworldwidejournal.com\/index.php?rest_route=\/wp\/v2\/posts\/119687\/revisions"}],"wp:attachment":[{"href":"https:\/\/theworldwidejournal.com\/index.php?rest_route=%2Fwp%2Fv2%2Fmedia&parent=119687"}],"wp:term":[{"taxonomy":"category","embeddable":true,"href":"https:\/\/theworldwidejournal.com\/index.php?rest_route=%2Fwp%2Fv2%2Fcategories&post=119687"},{"taxonomy":"post_tag","embeddable":true,"href":"https:\/\/theworldwidejournal.com\/index.php?rest_route=%2Fwp%2Fv2%2Ftags&post=119687"}],"curies":[{"name":"wp","href":"https:\/\/api.w.org\/{rel}","templated":true}]}}