{"id":119724,"date":"2019-11-19T14:15:12","date_gmt":"2019-11-19T13:15:12","guid":{"rendered":"https:\/\/theworldwidejournal.com\/2019\/11\/19\/la-audiencia-nacional-anula-la-prision-preventiva-de-cuatro-cdr-porque-no-pudieron-defenderse\/"},"modified":"2019-11-19T14:15:12","modified_gmt":"2019-11-19T13:15:12","slug":"la-audiencia-nacional-anula-la-prision-preventiva-de-cuatro-cdr-porque-no-pudieron-defenderse","status":"publish","type":"post","link":"https:\/\/theworldwidejournal.com\/?p=119724","title":{"rendered":"La Audiencia Nacional anula la prisi\u00f3n preventiva de cuatro CDR porque no pudieron defenderse"},"content":{"rendered":"<p>La Audiencia Nacional ha anulado este martes la prisi\u00f3n preventiva para cuatro CDR acusados de terrorismo y ha obligado al juez a celebrar una vista para revisar su situaci\u00f3n personal, que tendr\u00e1 lugar ma\u00f1ana. La Sala de lo Penal ha estimado un recurso de los afectados y considera que, aunque una investigaci\u00f3n est\u00e9 bajo secreto de sumario, nadie puede ser encarcelado preventivamente sin la \u00abinformaci\u00f3n esencial\u00bb sobre la acusaci\u00f3n que pesa contra \u00e9l. \u00abSe produjo la denunciada vulneraci\u00f3n de sus derechos por cuanto la vista culmin\u00f3 sin que se interrumpiera con designio de proporcionar esos elementos fundamentales que permitiesen cuestionar la medida cautelar a la postre solicitada y dispuesta\u00bb, argumenta la Sala de lo Penal, que da la raz\u00f3n a Guillem Xavier Duch, Eduardo Garz\u00f3n, Xavier Buigas y Alexis Codina. Esta decision no implica que los cuatro CDR de la c\u00e9lula desarticulada en septiembre, preparada para atentar en Catalu\u00f1a para protestar por la sentencia del \u00abproc\u00e9s\u00bb, queden en libertad. Las acusaciones y defensas est\u00e1n citadas ma\u00f1ana para celebrar de nuevo la vistilla en la que podr\u00e1n argumentar a favor o en contra de la medida, y el magistrado volver\u00e1 a decidir sobre su situaci\u00f3n. La Audiencia Nacional fundamenta su decisi\u00f3n en la jurisprudencia del Tribunal Constitucional, el \u00f3rgano garante de la Constituci\u00f3n. Los magistrados explican que los abogados del acusado deben en todo caso poder acceder a los elementos esenciales de la acusaci\u00f3n, incluso aunque haya secreto de sumario, para poder impugnar la decisi\u00f3n y contraargumentar: en definitiva, defenderse. El acceso a los datos que puedan justificar la prisi\u00f3n preventiva (una medida cautelar que permite encarcelar a una persona que no ha sido juzgada ni condenada, con el fin de evitar que entorpezca la investigaci\u00f3n) debe tener lugar \u00abcon anterioridad a que el \u00f3rgano judicial adopte una decisi\u00f3n sobre la libertad del investigado\u00bb. Ese momento, a\u00f1aden los magistrados, debe ser por tanto el turno de la defensa en la vistilla en la que se debate la medida cautelar. \u00abEn consecuencia, el secreto sumarial habr\u00e1 de convivir en estos casos con una accesibilidad al sumario que constri\u00f1a el nivel de conocimiento por el investigado del resultado de la investigaci\u00f3n a aquello que resulte esencial -en el sentido de sustancial, fundamental o elemental- para un adecuado ejercicio de su defensa frente a la privaci\u00f3n de libertad, siempre previa solicitud expresa por su parte en tal\u00bb, concluyen los magistrados.<br \/>\nVia: <a href=\"https:\/\/www.abc.es\/espana\/abci-audiencia-nacional-anula-prision-preventiva-cuatro-porque-no-pudieron-defenderse-201911191415_noticia.html\" target=\"_blank\">La Audiencia Nacional anula la prisi\u00f3n preventiva de cuatro CDR porque no pudieron defenderse<\/a><\/p>\n","protected":false},"excerpt":{"rendered":"<p>La Audiencia Nacional ha anulado este martes la prisi\u00f3n preventiva para cuatro CDR acusados de terrorismo y ha obligado al juez a celebrar una vista para revisar su situaci\u00f3n personal, que tendr\u00e1 lugar ma\u00f1ana. La Sala de lo Penal ha estimado un recurso de los afectados y considera que, aunque [&hellip;]<\/p>\n","protected":false},"author":2,"featured_media":119725,"comment_status":"open","ping_status":"closed","sticky":false,"template":"","format":"standard","meta":{"footnotes":""},"categories":[6],"tags":[],"class_list":["post-119724","post","type-post","status-publish","format-standard","has-post-thumbnail","hentry","category-spanish"],"_links":{"self":[{"href":"https:\/\/theworldwidejournal.com\/index.php?rest_route=\/wp\/v2\/posts\/119724","targetHints":{"allow":["GET"]}}],"collection":[{"href":"https:\/\/theworldwidejournal.com\/index.php?rest_route=\/wp\/v2\/posts"}],"about":[{"href":"https:\/\/theworldwidejournal.com\/index.php?rest_route=\/wp\/v2\/types\/post"}],"author":[{"embeddable":true,"href":"https:\/\/theworldwidejournal.com\/index.php?rest_route=\/wp\/v2\/users\/2"}],"replies":[{"embeddable":true,"href":"https:\/\/theworldwidejournal.com\/index.php?rest_route=%2Fwp%2Fv2%2Fcomments&post=119724"}],"version-history":[{"count":0,"href":"https:\/\/theworldwidejournal.com\/index.php?rest_route=\/wp\/v2\/posts\/119724\/revisions"}],"wp:featuredmedia":[{"embeddable":true,"href":"https:\/\/theworldwidejournal.com\/index.php?rest_route=\/wp\/v2\/media\/119725"}],"wp:attachment":[{"href":"https:\/\/theworldwidejournal.com\/index.php?rest_route=%2Fwp%2Fv2%2Fmedia&parent=119724"}],"wp:term":[{"taxonomy":"category","embeddable":true,"href":"https:\/\/theworldwidejournal.com\/index.php?rest_route=%2Fwp%2Fv2%2Fcategories&post=119724"},{"taxonomy":"post_tag","embeddable":true,"href":"https:\/\/theworldwidejournal.com\/index.php?rest_route=%2Fwp%2Fv2%2Ftags&post=119724"}],"curies":[{"name":"wp","href":"https:\/\/api.w.org\/{rel}","templated":true}]}}