{"id":119792,"date":"2019-11-20T01:42:28","date_gmt":"2019-11-20T00:42:28","guid":{"rendered":"https:\/\/theworldwidejournal.com\/2019\/11\/20\/al-menos-dos-detenidos-en-el-desalojo-de-la-acampada-de-plaza-universitat-de-barcelona\/"},"modified":"2019-11-20T01:42:28","modified_gmt":"2019-11-20T00:42:28","slug":"al-menos-dos-detenidos-en-el-desalojo-de-la-acampada-de-plaza-universitat-de-barcelona","status":"publish","type":"post","link":"https:\/\/theworldwidejournal.com\/?p=119792","title":{"rendered":"Al menos dos detenidos en el desalojo de la acampada de plaza Universitat de Barcelona"},"content":{"rendered":"<p>Decenas de agentes de la Guardia Urbana han desalojado la madrugada de este mi\u00e9rcoles la acampada que el pasado 30 de octubre se instal\u00f3 en la plaza Universitat de la capital catalana como uno m\u00e1s de los actos de protesta contra la sentencia del &#8216;proc\u00e9s&#8217;.\u00a0El cuerpo policial ha realizado al menos dos detenciones en una actuaci\u00f3n que ha generado momentos de tensi\u00f3n entre los agentes y los j\u00f3venes acampados.\u00a0Seguir leyendo.<br \/>\nVia: <a href=\"https:\/\/elpais.com\/ccaa\/2019\/11\/19\/catalunya\/1574195055_085568.html#?ref=rss&#038;format=simple&#038;link=link\" target=\"_blank\">Al menos dos detenidos en el desalojo de la acampada de plaza Universitat de Barcelona<\/a><\/p>\n","protected":false},"excerpt":{"rendered":"<p>Decenas de agentes de la Guardia Urbana han desalojado la madrugada de este mi\u00e9rcoles la acampada que el pasado 30 de octubre se instal\u00f3 en la plaza Universitat de la capital catalana como uno m\u00e1s de los actos de protesta contra la sentencia del &#8216;proc\u00e9s&#8217;.\u00a0El cuerpo policial ha realizado al [&hellip;]<\/p>\n","protected":false},"author":2,"featured_media":0,"comment_status":"open","ping_status":"closed","sticky":false,"template":"","format":"standard","meta":{"footnotes":""},"categories":[6],"tags":[],"class_list":["post-119792","post","type-post","status-publish","format-standard","hentry","category-spanish"],"_links":{"self":[{"href":"https:\/\/theworldwidejournal.com\/index.php?rest_route=\/wp\/v2\/posts\/119792","targetHints":{"allow":["GET"]}}],"collection":[{"href":"https:\/\/theworldwidejournal.com\/index.php?rest_route=\/wp\/v2\/posts"}],"about":[{"href":"https:\/\/theworldwidejournal.com\/index.php?rest_route=\/wp\/v2\/types\/post"}],"author":[{"embeddable":true,"href":"https:\/\/theworldwidejournal.com\/index.php?rest_route=\/wp\/v2\/users\/2"}],"replies":[{"embeddable":true,"href":"https:\/\/theworldwidejournal.com\/index.php?rest_route=%2Fwp%2Fv2%2Fcomments&post=119792"}],"version-history":[{"count":0,"href":"https:\/\/theworldwidejournal.com\/index.php?rest_route=\/wp\/v2\/posts\/119792\/revisions"}],"wp:attachment":[{"href":"https:\/\/theworldwidejournal.com\/index.php?rest_route=%2Fwp%2Fv2%2Fmedia&parent=119792"}],"wp:term":[{"taxonomy":"category","embeddable":true,"href":"https:\/\/theworldwidejournal.com\/index.php?rest_route=%2Fwp%2Fv2%2Fcategories&post=119792"},{"taxonomy":"post_tag","embeddable":true,"href":"https:\/\/theworldwidejournal.com\/index.php?rest_route=%2Fwp%2Fv2%2Ftags&post=119792"}],"curies":[{"name":"wp","href":"https:\/\/api.w.org\/{rel}","templated":true}]}}