{"id":119800,"date":"2019-11-19T21:35:20","date_gmt":"2019-11-19T20:35:20","guid":{"rendered":"https:\/\/theworldwidejournal.com\/2019\/11\/19\/dona-letizia-el-prado-es-la-gran-institucion-cultural-de-este-pais\/"},"modified":"2019-11-19T21:35:20","modified_gmt":"2019-11-19T20:35:20","slug":"dona-letizia-el-prado-es-la-gran-institucion-cultural-de-este-pais","status":"publish","type":"post","link":"https:\/\/theworldwidejournal.com\/?p=119800","title":{"rendered":"Do\u00f1a Letizia: \u00abEl Prado es la gran instituci\u00f3n cultural de este pa\u00eds\u00bb"},"content":{"rendered":"<p>El Museo del Prado ha celebrado sus dos siglos de vida con una invitada de excepci\u00f3n. La Reina inauguraba a mediod\u00eda de hoy la espl\u00e9ndida exposici\u00f3n de dibujos de Goya, que cierra el programa expositivo del bicentenario de la pinacoteca. Aunque los actos conmemorativos no acabar\u00e1n hasta el 15 de diciembre: est\u00e1 previsto que los d\u00edas 13, 14 y 15 del pr\u00f3ximo mes haya jornadas de puertas abiertas. Do\u00f1a Letizia estuvo acompa\u00f1ada en su visita por el ministro de Cultura en funciones, Jos\u00e9 Guirao; la diputada electa Ana Pastor; el presidente del Patronato y el director del Prado, Javier Solana y Miguel Falomir, respectivamente; y los comisarios de la muestra, Jos\u00e9 Manuel Matilla y Manuela Mena, quienes explicaron a la Reina las muchas virtudes que hacen de Goya uno de los grandes dibujantes de la Historia del Arte, y de esta exposici\u00f3n, un acontecimiento. En declaraciones a Telemadrid, la Reina dijo que el Prado es \u00abla gran instituci\u00f3n cultural de este pa\u00eds\u00bb y calific\u00f3 de \u00abmagn\u00edfica\u00bb la exposici\u00f3n de Goya, informa Efe. Ayer por la noche, el museo recib\u00eda a otro invitado de honor, el tenor mexicano Javier Camarena, que cant\u00f3, ante unos pocos privilegiados, \u00abDel cabello m\u00e1s sutil\u00bb, de Fernando Obradors, acompa\u00f1ado al piano por Patricia Barton. Pero la emoci\u00f3n se dispar\u00f3 cuando Camarena, esta vez junto a un mariachi, dedic\u00f3 al museo \u00abLas ma\u00f1anitas\u00bb. Javier Solana entonaba las notas de esta c\u00e9lebre canci\u00f3n tradicional, mientras m\u00e1s de una l\u00e1grima ca\u00eda por las mejillas de algunos trabajadores del museo. Un peque\u00f1o gran recital con el que el Teatro Real, otra gran instituci\u00f3n cultural bicentenaria de nuestro pa\u00eds, y el tenor, que estos d\u00edas ensaya en Madrid la \u00f3pera \u00abIl pirata\u00bb, de Bellini, quisieron sumarse al cumplea\u00f1os del Prado. Un regalo excepcional para una ocasi\u00f3n excepcional. Troika muse\u00edstica Mija\u00edl Piotrovski, toda una instituci\u00f3n y director de uno de los museos m\u00e1s se\u00f1eros del mundo, el Hermitage de San Petersburgo, felicit\u00f3 al Prado, a trav\u00e9s de Efe, por su bicentenario: \u00abFelicito a nuestro museo hermano por su 200 cumplea\u00f1os. Y felicito a todo el pueblo espa\u00f1ol y a todo el mundo por ese magn\u00edfico museo. Tenemos mucho en com\u00fan y muchos lazos que nos unen. En Rusia el Prado es el museo preferido por los rusos, m\u00e1s que cualquier otro. Y s\u00e9 que en Espa\u00f1a el Hermitage es muy apreciado. El Prado es un modelo de c\u00f3mo debe desarrollarse un museo en el siglo XXI. \u00bfQu\u00e9 es eso de que el mundo cambia? La troika sigue siendo la misma: Prado, Hermitage y Louvre\u00bb. Aunque tenga ya 200 a\u00f1os, el Prado es joven de esp\u00edritu y dedica mucho esfuerzo a su p\u00e1gina web y a las redes sociales. No es extra\u00f1o, pues, que Google se sumara ayer a la celebraci\u00f3n, dedic\u00e1ndole al Prado su doodle. Y los seguidores de las cuentas oficiales Instagram, Twitter y Facebook del museo pudieron disfrutar de un v\u00eddeo de animaci\u00f3n que explica de manera l\u00fadica la historia del Prado. Y, como es de bien nacidos ser agradecidos, no s\u00f3lo recibi\u00f3 el museo regalos en su cumplea\u00f1os. Tambi\u00e9n quiso ser generoso con quienes lo han sido con \u00e9l. Y as\u00ed, en la Sala de las Musas se ha instalado un panel muy sutil con el nombre de los principales benefactores que ha tenido el Prado en su historia.<br \/>\nVia: <a href=\"https:\/\/www.abc.es\/cultura\/arte\/abci-dona-letizia-prado-gran-institucion-cultural-este-pais-201911192135_noticia.html\" target=\"_blank\">Do\u00f1a Letizia: \u00abEl Prado es la gran instituci\u00f3n cultural de este pa\u00eds\u00bb<\/a><\/p>\n","protected":false},"excerpt":{"rendered":"<p>El Museo del Prado ha celebrado sus dos siglos de vida con una invitada de excepci\u00f3n. La Reina inauguraba a mediod\u00eda de hoy la espl\u00e9ndida exposici\u00f3n de dibujos de Goya, que cierra el programa expositivo del bicentenario de la pinacoteca. Aunque los actos conmemorativos no acabar\u00e1n hasta el 15 de [&hellip;]<\/p>\n","protected":false},"author":2,"featured_media":119801,"comment_status":"open","ping_status":"closed","sticky":false,"template":"","format":"standard","meta":{"footnotes":""},"categories":[6],"tags":[],"class_list":["post-119800","post","type-post","status-publish","format-standard","has-post-thumbnail","hentry","category-spanish"],"_links":{"self":[{"href":"https:\/\/theworldwidejournal.com\/index.php?rest_route=\/wp\/v2\/posts\/119800","targetHints":{"allow":["GET"]}}],"collection":[{"href":"https:\/\/theworldwidejournal.com\/index.php?rest_route=\/wp\/v2\/posts"}],"about":[{"href":"https:\/\/theworldwidejournal.com\/index.php?rest_route=\/wp\/v2\/types\/post"}],"author":[{"embeddable":true,"href":"https:\/\/theworldwidejournal.com\/index.php?rest_route=\/wp\/v2\/users\/2"}],"replies":[{"embeddable":true,"href":"https:\/\/theworldwidejournal.com\/index.php?rest_route=%2Fwp%2Fv2%2Fcomments&post=119800"}],"version-history":[{"count":0,"href":"https:\/\/theworldwidejournal.com\/index.php?rest_route=\/wp\/v2\/posts\/119800\/revisions"}],"wp:featuredmedia":[{"embeddable":true,"href":"https:\/\/theworldwidejournal.com\/index.php?rest_route=\/wp\/v2\/media\/119801"}],"wp:attachment":[{"href":"https:\/\/theworldwidejournal.com\/index.php?rest_route=%2Fwp%2Fv2%2Fmedia&parent=119800"}],"wp:term":[{"taxonomy":"category","embeddable":true,"href":"https:\/\/theworldwidejournal.com\/index.php?rest_route=%2Fwp%2Fv2%2Fcategories&post=119800"},{"taxonomy":"post_tag","embeddable":true,"href":"https:\/\/theworldwidejournal.com\/index.php?rest_route=%2Fwp%2Fv2%2Ftags&post=119800"}],"curies":[{"name":"wp","href":"https:\/\/api.w.org\/{rel}","templated":true}]}}