{"id":11982,"date":"2017-10-22T15:33:50","date_gmt":"2017-10-22T13:33:50","guid":{"rendered":"https:\/\/theworldwidejournal.com\/2017\/10\/22\/sanchez-nadie-ha-hecho-tanto-contra-el-autogobierno-de-cataluna-como-el-secesionismo\/"},"modified":"2017-10-22T15:33:50","modified_gmt":"2017-10-22T13:33:50","slug":"sanchez-nadie-ha-hecho-tanto-contra-el-autogobierno-de-cataluna-como-el-secesionismo","status":"publish","type":"post","link":"https:\/\/theworldwidejournal.com\/?p=11982","title":{"rendered":"S\u00e1nchez: \u201cNadie ha hecho tanto contra el autogobierno de Catalu\u00f1a como el secesionismo\u201d"},"content":{"rendered":"<p>Un d\u00eda despu\u00e9s de que el Gobierno haya activado el art\u00edculo 155 para recuperar el orden constitucional en Catalu\u00f1a con apoyo del PSOE, el secretario general socialista ha argumentado esa intervenci\u00f3n entre otras razones porque el secesionismo catal\u00e1n no es sino un movimiento &#8220;regresivo y reaccionario&#8221; que tiene &#8220;mucho que ver con lo que ocurre en Polonia o en Hungr\u00eda&#8221;, donde, como en Catalu\u00f1a ,&#8221;se deval\u00faan las condiciones democr\u00e1ticas&#8221;. S\u00e1nchez ha negado la mayor a los independentistas y a Podemos cuando sostienen que el 155 es casi un golpe de Estado. &#8220;Nadie ha hecho tanto contra el autogobierno de Catalu\u00f1a como el secesionismo hoy&#8221;, ha defendido, a cambio, el l\u00edder del PSOE.Seguir leyendo.<br \/>\nVia: <a href=\"https:\/\/elpais.com\/politica\/2017\/10\/22\/actualidad\/1508674814_432010.html#?ref=rss&#038;format=simple&#038;link=link\" target=\"_blank\">S\u00e1nchez: \u201cNadie ha hecho tanto contra el autogobierno de Catalu\u00f1a como el secesionismo\u201d<\/a><\/p>\n","protected":false},"excerpt":{"rendered":"<p>Un d\u00eda despu\u00e9s de que el Gobierno haya activado el art\u00edculo 155 para recuperar el orden constitucional en Catalu\u00f1a con apoyo del PSOE, el secretario general socialista ha argumentado esa intervenci\u00f3n entre otras razones porque el secesionismo catal\u00e1n no es sino un movimiento &#8220;regresivo y reaccionario&#8221; que tiene &#8220;mucho que [&hellip;]<\/p>\n","protected":false},"author":2,"featured_media":0,"comment_status":"open","ping_status":"closed","sticky":false,"template":"","format":"standard","meta":{"footnotes":""},"categories":[6],"tags":[],"class_list":["post-11982","post","type-post","status-publish","format-standard","hentry","category-spanish"],"_links":{"self":[{"href":"https:\/\/theworldwidejournal.com\/index.php?rest_route=\/wp\/v2\/posts\/11982","targetHints":{"allow":["GET"]}}],"collection":[{"href":"https:\/\/theworldwidejournal.com\/index.php?rest_route=\/wp\/v2\/posts"}],"about":[{"href":"https:\/\/theworldwidejournal.com\/index.php?rest_route=\/wp\/v2\/types\/post"}],"author":[{"embeddable":true,"href":"https:\/\/theworldwidejournal.com\/index.php?rest_route=\/wp\/v2\/users\/2"}],"replies":[{"embeddable":true,"href":"https:\/\/theworldwidejournal.com\/index.php?rest_route=%2Fwp%2Fv2%2Fcomments&post=11982"}],"version-history":[{"count":0,"href":"https:\/\/theworldwidejournal.com\/index.php?rest_route=\/wp\/v2\/posts\/11982\/revisions"}],"wp:attachment":[{"href":"https:\/\/theworldwidejournal.com\/index.php?rest_route=%2Fwp%2Fv2%2Fmedia&parent=11982"}],"wp:term":[{"taxonomy":"category","embeddable":true,"href":"https:\/\/theworldwidejournal.com\/index.php?rest_route=%2Fwp%2Fv2%2Fcategories&post=11982"},{"taxonomy":"post_tag","embeddable":true,"href":"https:\/\/theworldwidejournal.com\/index.php?rest_route=%2Fwp%2Fv2%2Ftags&post=11982"}],"curies":[{"name":"wp","href":"https:\/\/api.w.org\/{rel}","templated":true}]}}