{"id":119823,"date":"2019-11-20T13:06:23","date_gmt":"2019-11-20T12:06:23","guid":{"rendered":"https:\/\/theworldwidejournal.com\/2019\/11\/20\/la-grece-va-fermer-ses-trois-plus-grands-camps-de-migrants-pres-des-cotes-turques\/"},"modified":"2019-11-20T13:06:23","modified_gmt":"2019-11-20T12:06:23","slug":"la-grece-va-fermer-ses-trois-plus-grands-camps-de-migrants-pres-des-cotes-turques","status":"publish","type":"post","link":"https:\/\/theworldwidejournal.com\/?p=119823","title":{"rendered":"La Gr\u00e8ce va fermer ses trois plus grands camps de migrants pr\u00e8s des c\u00f4tes turques"},"content":{"rendered":"<p>Les camps des \u00eeles de Lesbos, Samos et\u00a0Chios seront remplac\u00e9s par des structures dot\u00e9es d\u2019une plus grande capacit\u00e9 mais qui, ferm\u00e9es, enfermeront les migrants le temps de la proc\u00e9dure.<br \/>\nVia: <a href=\"https:\/\/www.lemonde.fr\/international\/article\/2019\/11\/20\/la-grece-va-fermer-ses-trois-plus-grands-camps-de-migrants-pres-des-cotes-turques_6019881_3210.html\" target=\"_blank\">La Gr\u00e8ce va fermer ses trois plus grands camps de migrants pr\u00e8s des c\u00f4tes turques<\/a><\/p>\n","protected":false},"excerpt":{"rendered":"<p>Les camps des \u00eeles de Lesbos, Samos et\u00a0Chios seront remplac\u00e9s par des structures dot\u00e9es d\u2019une plus grande capacit\u00e9 mais qui, ferm\u00e9es, enfermeront les migrants le temps de la proc\u00e9dure. Via: La Gr\u00e8ce va fermer ses trois plus grands camps de migrants pr\u00e8s des c\u00f4tes turques<\/p>\n","protected":false},"author":2,"featured_media":0,"comment_status":"open","ping_status":"closed","sticky":false,"template":"","format":"standard","meta":{"footnotes":""},"categories":[4],"tags":[],"class_list":["post-119823","post","type-post","status-publish","format-standard","hentry","category-french"],"_links":{"self":[{"href":"https:\/\/theworldwidejournal.com\/index.php?rest_route=\/wp\/v2\/posts\/119823","targetHints":{"allow":["GET"]}}],"collection":[{"href":"https:\/\/theworldwidejournal.com\/index.php?rest_route=\/wp\/v2\/posts"}],"about":[{"href":"https:\/\/theworldwidejournal.com\/index.php?rest_route=\/wp\/v2\/types\/post"}],"author":[{"embeddable":true,"href":"https:\/\/theworldwidejournal.com\/index.php?rest_route=\/wp\/v2\/users\/2"}],"replies":[{"embeddable":true,"href":"https:\/\/theworldwidejournal.com\/index.php?rest_route=%2Fwp%2Fv2%2Fcomments&post=119823"}],"version-history":[{"count":0,"href":"https:\/\/theworldwidejournal.com\/index.php?rest_route=\/wp\/v2\/posts\/119823\/revisions"}],"wp:attachment":[{"href":"https:\/\/theworldwidejournal.com\/index.php?rest_route=%2Fwp%2Fv2%2Fmedia&parent=119823"}],"wp:term":[{"taxonomy":"category","embeddable":true,"href":"https:\/\/theworldwidejournal.com\/index.php?rest_route=%2Fwp%2Fv2%2Fcategories&post=119823"},{"taxonomy":"post_tag","embeddable":true,"href":"https:\/\/theworldwidejournal.com\/index.php?rest_route=%2Fwp%2Fv2%2Ftags&post=119823"}],"curies":[{"name":"wp","href":"https:\/\/api.w.org\/{rel}","templated":true}]}}