{"id":119828,"date":"2019-11-20T14:27:18","date_gmt":"2019-11-20T13:27:18","guid":{"rendered":"https:\/\/theworldwidejournal.com\/2019\/11\/20\/crise-des-hopitaux-le-collectif-inter-urgences-pourrait-renforcer-sa-mobilisation-apres-les-annonces-du-gouvernement\/"},"modified":"2019-11-20T14:27:18","modified_gmt":"2019-11-20T13:27:18","slug":"crise-des-hopitaux-le-collectif-inter-urgences-pourrait-renforcer-sa-mobilisation-apres-les-annonces-du-gouvernement","status":"publish","type":"post","link":"https:\/\/theworldwidejournal.com\/?p=119828","title":{"rendered":"Crise des h\u00f4pitaux : le collectif Inter-Urgences pourrait renforcer sa mobilisation apr\u00e8s les annonces du gouvernement"},"content":{"rendered":"<p>Le \u00abplan d&#8217;urgence pour l&#8217;h\u00f4pital\u00bb ne r\u00e9pond pas aux probl\u00e9matiques, selon l&#8217;intersyndicale, qui r\u00e9fl\u00e9chit \u00e0 rejoindre la mobilisation g\u00e9n\u00e9rale du 5 d\u00e9cembre.<br \/>\nVia: <a href=\"https:\/\/www.lefigaro.fr\/social\/crise-des-hopitaux-le-collectif-inter-urgences-pourrait-renforcer-sa-mobilisation-apres-les-annonces-du-gouvernement-20191120\" target=\"_blank\">Crise des h\u00f4pitaux : le collectif Inter-Urgences pourrait renforcer sa mobilisation apr\u00e8s les annonces du gouvernement<\/a><\/p>\n","protected":false},"excerpt":{"rendered":"<p>Le \u00abplan d&#8217;urgence pour l&#8217;h\u00f4pital\u00bb ne r\u00e9pond pas aux probl\u00e9matiques, selon l&#8217;intersyndicale, qui r\u00e9fl\u00e9chit \u00e0 rejoindre la mobilisation g\u00e9n\u00e9rale du 5 d\u00e9cembre. Via: Crise des h\u00f4pitaux : le collectif Inter-Urgences pourrait renforcer sa mobilisation apr\u00e8s les annonces du gouvernement<\/p>\n","protected":false},"author":2,"featured_media":0,"comment_status":"open","ping_status":"closed","sticky":false,"template":"","format":"standard","meta":{"footnotes":""},"categories":[4],"tags":[],"class_list":["post-119828","post","type-post","status-publish","format-standard","hentry","category-french"],"_links":{"self":[{"href":"https:\/\/theworldwidejournal.com\/index.php?rest_route=\/wp\/v2\/posts\/119828","targetHints":{"allow":["GET"]}}],"collection":[{"href":"https:\/\/theworldwidejournal.com\/index.php?rest_route=\/wp\/v2\/posts"}],"about":[{"href":"https:\/\/theworldwidejournal.com\/index.php?rest_route=\/wp\/v2\/types\/post"}],"author":[{"embeddable":true,"href":"https:\/\/theworldwidejournal.com\/index.php?rest_route=\/wp\/v2\/users\/2"}],"replies":[{"embeddable":true,"href":"https:\/\/theworldwidejournal.com\/index.php?rest_route=%2Fwp%2Fv2%2Fcomments&post=119828"}],"version-history":[{"count":0,"href":"https:\/\/theworldwidejournal.com\/index.php?rest_route=\/wp\/v2\/posts\/119828\/revisions"}],"wp:attachment":[{"href":"https:\/\/theworldwidejournal.com\/index.php?rest_route=%2Fwp%2Fv2%2Fmedia&parent=119828"}],"wp:term":[{"taxonomy":"category","embeddable":true,"href":"https:\/\/theworldwidejournal.com\/index.php?rest_route=%2Fwp%2Fv2%2Fcategories&post=119828"},{"taxonomy":"post_tag","embeddable":true,"href":"https:\/\/theworldwidejournal.com\/index.php?rest_route=%2Fwp%2Fv2%2Ftags&post=119828"}],"curies":[{"name":"wp","href":"https:\/\/api.w.org\/{rel}","templated":true}]}}