{"id":11986,"date":"2017-10-22T16:12:40","date_gmt":"2017-10-22T14:12:40","guid":{"rendered":"https:\/\/theworldwidejournal.com\/?p=11986"},"modified":"2017-10-22T16:12:40","modified_gmt":"2017-10-22T14:12:40","slug":"miles-de-personas-marchan-contra-los-incendios-en-galicia","status":"publish","type":"post","link":"https:\/\/theworldwidejournal.com\/?p=11986","title":{"rendered":"Miles de personas marchan contra los incendios en Galicia"},"content":{"rendered":"<p>Miles de personas han marchado hoy por las calles de Santiago de Compostela para protestar contra la ola de incendios que la pasada semana arras\u00f3 Galicia y por la que han pedido responsabilidades y dimisiones en el Gobierno gallego, incluida la del propio presidente, Alberto N\u00fa\u00f1ez Feij\u00f3o. Durante el fin de semana pasado m\u00e1s de 250 incendios afectaron distintos puntos de Galicia que provocaron la muerte de cuatro personas y dejaron un balance provisional de 35.500 hect\u00e1reas calcinadas. La manifestaci\u00f3n, a la que asisten, entre otros, representantes de En Marea y BNG, ha arrancado superado el mediod\u00eda de la alameda de la capital gallega, y discurre por las calles del centro hist\u00f3rico compostelano hasta desembocar en la ic\u00f3nica Praza de Quintana. All\u00ed, los miles de participantes se han concentrado para dar paso a la lectura de un manifiesto en el que han pedido la retirada de la reciente ley de implantaci\u00f3n de fomento de iniciativas empresariales, aprobada esta semana en el Parlamento con los \u00fanicos votos del PP, y que han definido como la \u00abley de depredaci\u00f3n\u00bb de Galicia. Esta ley, aseguran, favorece entre otras cuestiones la proliferaci\u00f3n de especies arb\u00f3reas pir\u00f3fitas, de f\u00e1cil y r\u00e1pida combusti\u00f3n, como el eucalipto. Durante la marcha, los manifestantes, liderados por una pancarta con el lema \u00abGaliza di non a lei de depredaci\u00f3n. Lumes forestais nunca m\u00e1is\u00bb (\u00abGalicia dice no a la ley de depredaci\u00f3n. Fuegos forestales nunca m\u00e1s\u00bb), han entonado c\u00e1nticos como \u00abRural abandonado, incendio asegurado\u00bb, \u00abDetr\u00e1s dun incendiario hai un empresario\u00bb o \u00abFeij\u00f3o dimite, Galicia non te admite\u00bb. Esta protesta, convocada por la Plataforma Galega contra a Lei de Depredaci\u00f3n, en la que se integran varios colectivos, ten\u00eda como objetivo, en un principio, manifestar el rechazo hacia esta ley antes mencionada, pero los sucesos de los \u00faltimos d\u00edas han provocado que se convierta en una cr\u00edtica a la gesti\u00f3n de la \u00faltima ola de incendios por parte de la Xunta.<br \/>\nVia: <a href=\"http:\/\/www.abc.es\/espana\/galicia\/abci-galicia-miles-personas-marchan-contra-incendios-y-piden-dimision-feijoo-201710221412_noticia.html\" target=\"_blank\">Miles de personas marchan contra los incendios en Galicia<\/a><\/p>\n","protected":false},"excerpt":{"rendered":"<p>Miles de personas han marchado hoy por las calles de Santiago de Compostela para protestar contra la ola de incendios que la pasada semana arras\u00f3 Galicia y por la que han pedido responsabilidades y dimisiones en el Gobierno gallego, incluida la del propio presidente, Alberto N\u00fa\u00f1ez Feij\u00f3o. Durante el fin [&hellip;]<\/p>\n","protected":false},"author":2,"featured_media":11987,"comment_status":"open","ping_status":"closed","sticky":false,"template":"","format":"standard","meta":{"footnotes":""},"categories":[6],"tags":[],"class_list":["post-11986","post","type-post","status-publish","format-standard","has-post-thumbnail","hentry","category-spanish"],"_links":{"self":[{"href":"https:\/\/theworldwidejournal.com\/index.php?rest_route=\/wp\/v2\/posts\/11986","targetHints":{"allow":["GET"]}}],"collection":[{"href":"https:\/\/theworldwidejournal.com\/index.php?rest_route=\/wp\/v2\/posts"}],"about":[{"href":"https:\/\/theworldwidejournal.com\/index.php?rest_route=\/wp\/v2\/types\/post"}],"author":[{"embeddable":true,"href":"https:\/\/theworldwidejournal.com\/index.php?rest_route=\/wp\/v2\/users\/2"}],"replies":[{"embeddable":true,"href":"https:\/\/theworldwidejournal.com\/index.php?rest_route=%2Fwp%2Fv2%2Fcomments&post=11986"}],"version-history":[{"count":0,"href":"https:\/\/theworldwidejournal.com\/index.php?rest_route=\/wp\/v2\/posts\/11986\/revisions"}],"wp:featuredmedia":[{"embeddable":true,"href":"https:\/\/theworldwidejournal.com\/index.php?rest_route=\/wp\/v2\/media\/11987"}],"wp:attachment":[{"href":"https:\/\/theworldwidejournal.com\/index.php?rest_route=%2Fwp%2Fv2%2Fmedia&parent=11986"}],"wp:term":[{"taxonomy":"category","embeddable":true,"href":"https:\/\/theworldwidejournal.com\/index.php?rest_route=%2Fwp%2Fv2%2Fcategories&post=11986"},{"taxonomy":"post_tag","embeddable":true,"href":"https:\/\/theworldwidejournal.com\/index.php?rest_route=%2Fwp%2Fv2%2Ftags&post=11986"}],"curies":[{"name":"wp","href":"https:\/\/api.w.org\/{rel}","templated":true}]}}