{"id":119865,"date":"2019-11-20T15:01:33","date_gmt":"2019-11-20T14:01:33","guid":{"rendered":"https:\/\/theworldwidejournal.com\/2019\/11\/20\/la-fiscalia-pide-el-ingreso-en-prision-de-dos-exconsejeros-y-dos-ex-altos-cargos-por-el-caso-ere\/"},"modified":"2019-11-20T15:01:33","modified_gmt":"2019-11-20T14:01:33","slug":"la-fiscalia-pide-el-ingreso-en-prision-de-dos-exconsejeros-y-dos-ex-altos-cargos-por-el-caso-ere","status":"publish","type":"post","link":"https:\/\/theworldwidejournal.com\/?p=119865","title":{"rendered":"La Fiscal\u00eda pide el ingreso en prisi\u00f3n de dos exconsejeros y dos ex altos cargos por el caso ERE"},"content":{"rendered":"<p>La Fiscal\u00eda Anticorrupci\u00f3n ha pedido a la Audiencia de Sevilla el ingreso en prisi\u00f3n de los ex consejeros andaluces de empleo Antonio Fern\u00e1ndez y Jos\u00e9 Antonio viera, y de los ex directores generales de trabajo Javier Guerrero y Juan M\u00e1rquez, condenados a siete a\u00f1os de prisi\u00f3n y siete a\u00f1os y 11 meses respectivamente en la pieza pol\u00edtica del caso eres, notificada este martes.Seguir leyendo.<br \/>\nVia: <a href=\"https:\/\/elpais.com\/politica\/2019\/11\/20\/actualidad\/1574257408_806898.html#?ref=rss&#038;format=simple&#038;link=link\" target=\"_blank\">La Fiscal\u00eda pide el ingreso en prisi\u00f3n de dos exconsejeros y dos ex altos cargos por el caso ERE<\/a><\/p>\n","protected":false},"excerpt":{"rendered":"<p>La Fiscal\u00eda Anticorrupci\u00f3n ha pedido a la Audiencia de Sevilla el ingreso en prisi\u00f3n de los ex consejeros andaluces de empleo Antonio Fern\u00e1ndez y Jos\u00e9 Antonio viera, y de los ex directores generales de trabajo Javier Guerrero y Juan M\u00e1rquez, condenados a siete a\u00f1os de prisi\u00f3n y siete a\u00f1os y [&hellip;]<\/p>\n","protected":false},"author":2,"featured_media":0,"comment_status":"open","ping_status":"closed","sticky":false,"template":"","format":"standard","meta":{"footnotes":""},"categories":[6],"tags":[],"class_list":["post-119865","post","type-post","status-publish","format-standard","hentry","category-spanish"],"_links":{"self":[{"href":"https:\/\/theworldwidejournal.com\/index.php?rest_route=\/wp\/v2\/posts\/119865","targetHints":{"allow":["GET"]}}],"collection":[{"href":"https:\/\/theworldwidejournal.com\/index.php?rest_route=\/wp\/v2\/posts"}],"about":[{"href":"https:\/\/theworldwidejournal.com\/index.php?rest_route=\/wp\/v2\/types\/post"}],"author":[{"embeddable":true,"href":"https:\/\/theworldwidejournal.com\/index.php?rest_route=\/wp\/v2\/users\/2"}],"replies":[{"embeddable":true,"href":"https:\/\/theworldwidejournal.com\/index.php?rest_route=%2Fwp%2Fv2%2Fcomments&post=119865"}],"version-history":[{"count":0,"href":"https:\/\/theworldwidejournal.com\/index.php?rest_route=\/wp\/v2\/posts\/119865\/revisions"}],"wp:attachment":[{"href":"https:\/\/theworldwidejournal.com\/index.php?rest_route=%2Fwp%2Fv2%2Fmedia&parent=119865"}],"wp:term":[{"taxonomy":"category","embeddable":true,"href":"https:\/\/theworldwidejournal.com\/index.php?rest_route=%2Fwp%2Fv2%2Fcategories&post=119865"},{"taxonomy":"post_tag","embeddable":true,"href":"https:\/\/theworldwidejournal.com\/index.php?rest_route=%2Fwp%2Fv2%2Ftags&post=119865"}],"curies":[{"name":"wp","href":"https:\/\/api.w.org\/{rel}","templated":true}]}}