{"id":119872,"date":"2019-11-20T13:51:46","date_gmt":"2019-11-20T12:51:46","guid":{"rendered":"https:\/\/theworldwidejournal.com\/2019\/11\/20\/escasa-afluencia-a-mingorrubio-en-el-primer-20-n-con-franco-fuera-del-valle-de-los-caidos\/"},"modified":"2019-11-20T13:51:46","modified_gmt":"2019-11-20T12:51:46","slug":"escasa-afluencia-a-mingorrubio-en-el-primer-20-n-con-franco-fuera-del-valle-de-los-caidos","status":"publish","type":"post","link":"https:\/\/theworldwidejournal.com\/?p=119872","title":{"rendered":"Escasa afluencia a Mingorrubio en el primer 20-N con Franco fuera del Valle de los Ca\u00eddos"},"content":{"rendered":"<p>Un goteo de seguidores, curiosos y colaboradores de Francisco Franco han pasado esta ma\u00f1ana por el cementerio de Mingorrubio en el primer 20 de noviembre con los restos del dictador fuera del Valle de los Ca\u00eddos. En una fr\u00eda ma\u00f1ana de noviembre, las puertas del recinto se abrieron a las nueve de la ma\u00f1ana, pero hasta las diez no llegaron los primeros visitantes. Hasta entonces, tres coches de la Polic\u00eda Nacional dentro del cementerio con ocho agentes, y dos fuera, vigilaban que esta primera conmemoraci\u00f3n del fallecimiento del dictador se desarrolle con total normalidad. A lo largo de la ma\u00f1ana, y posiblemente como consecuencia de las bajas temperaturas y de ser jornada laboral, la afluencia era escasa. Quiz\u00e1s, la mayor aglomeraci\u00f3n se espera al mediod\u00eda, despu\u00e9s de la misa de las once en el Valle de los Ca\u00eddos, ya que el p\u00fablico que asistir\u00e1 llegar\u00e1 a Mingorrubio para honrar la memoria de Franco. En el cementerio aseguraban que la familia Franco llegar\u00e1 al filo de las dos de la tarde, y a las siete, se celebrar\u00e1 una misa en el Pardo. Normalidad en el Valle de los Ca\u00eddos El primer 20 de noviembre sin los restos de Francisco Franco en el Valle de los Ca\u00eddos ha transcurrido con normalidad en el escenario que hasta hace un mes alberg\u00f3 sus restos, pese a la afluencia de m\u00e1s de cien personas a la misa en la bas\u00edlica, en la que el cura ha calificado de \u00abinjusticia\u00bb que no se permitan actos lit\u00fargicos en honor al dictador. Seg\u00fan informa Efe, a las diez de la ma\u00f1ana, hora de apertura del recinto, una decena de veh\u00edculos esperaban en la puerta el acceso al complejo, donde la Guardia Civil hab\u00eda desplegado a una decena de agentes encargados de evitar incidentes en la fecha en la que se cumple el 44 aniversario de la muerte de Franco. Los asistentes al acto lit\u00fargico han portado ramos de flores y coronas que han dejado en la tumba de Jos\u00e9 Antonio Primo de Rivera y, en menor cantidad, en el espacio que antes ocupaba la tumba de Franco. Todos estos recuerdos portaban la bandera de Espa\u00f1a, y los colores de la Falange en algunos casos. El fr\u00edo no ha sido impedimento para que m\u00e1s de un centenar de personas ocuparan los bancos de la bas\u00edlica para asistir a la misa en honor a \u00abJos\u00e9 Antonio, Francisco y todos los ca\u00eddos\u00bb, seg\u00fan el monje encargado de oficiarla, que no era el prior Santiago Cantera.<br \/>\nVia: <a href=\"https:\/\/www.abc.es\/espana\/abci-escasa-afluencia-mingorrubio-primer-20-n-franco-fuera-valle-caidos-201911201351_noticia.html\" target=\"_blank\">Escasa afluencia a Mingorrubio en el primer 20-N con Franco fuera del Valle de los Ca\u00eddos<\/a><\/p>\n","protected":false},"excerpt":{"rendered":"<p>Un goteo de seguidores, curiosos y colaboradores de Francisco Franco han pasado esta ma\u00f1ana por el cementerio de Mingorrubio en el primer 20 de noviembre con los restos del dictador fuera del Valle de los Ca\u00eddos. En una fr\u00eda ma\u00f1ana de noviembre, las puertas del recinto se abrieron a las [&hellip;]<\/p>\n","protected":false},"author":2,"featured_media":119873,"comment_status":"open","ping_status":"closed","sticky":false,"template":"","format":"standard","meta":{"footnotes":""},"categories":[6],"tags":[],"class_list":["post-119872","post","type-post","status-publish","format-standard","has-post-thumbnail","hentry","category-spanish"],"_links":{"self":[{"href":"https:\/\/theworldwidejournal.com\/index.php?rest_route=\/wp\/v2\/posts\/119872","targetHints":{"allow":["GET"]}}],"collection":[{"href":"https:\/\/theworldwidejournal.com\/index.php?rest_route=\/wp\/v2\/posts"}],"about":[{"href":"https:\/\/theworldwidejournal.com\/index.php?rest_route=\/wp\/v2\/types\/post"}],"author":[{"embeddable":true,"href":"https:\/\/theworldwidejournal.com\/index.php?rest_route=\/wp\/v2\/users\/2"}],"replies":[{"embeddable":true,"href":"https:\/\/theworldwidejournal.com\/index.php?rest_route=%2Fwp%2Fv2%2Fcomments&post=119872"}],"version-history":[{"count":0,"href":"https:\/\/theworldwidejournal.com\/index.php?rest_route=\/wp\/v2\/posts\/119872\/revisions"}],"wp:featuredmedia":[{"embeddable":true,"href":"https:\/\/theworldwidejournal.com\/index.php?rest_route=\/wp\/v2\/media\/119873"}],"wp:attachment":[{"href":"https:\/\/theworldwidejournal.com\/index.php?rest_route=%2Fwp%2Fv2%2Fmedia&parent=119872"}],"wp:term":[{"taxonomy":"category","embeddable":true,"href":"https:\/\/theworldwidejournal.com\/index.php?rest_route=%2Fwp%2Fv2%2Fcategories&post=119872"},{"taxonomy":"post_tag","embeddable":true,"href":"https:\/\/theworldwidejournal.com\/index.php?rest_route=%2Fwp%2Fv2%2Ftags&post=119872"}],"curies":[{"name":"wp","href":"https:\/\/api.w.org\/{rel}","templated":true}]}}